{"id":2396,"date":"2017-12-15T11:06:57","date_gmt":"2017-12-15T11:06:57","guid":{"rendered":"http:\/\/blogs.hoy.es\/moterosdehoy\/?p=2396"},"modified":"2017-12-15T11:06:57","modified_gmt":"2017-12-15T11:06:57","slug":"toy-run-2017-badajoz","status":"publish","type":"post","link":"https:\/\/blogs.hoy.es\/moterosdehoy\/2017\/12\/15\/toy-run-2017-badajoz\/","title":{"rendered":"Toy Run 2017 Badajoz"},"content":{"rendered":"<p><strong>El fin de semana del 16 y 17 de diciembre tendr\u00e1 lugar la recogida de juguetes, ropa y libros, todo ello tanto nuevo como usado y alimentos no perecederos.<\/strong><\/p>\n<p><a href=\"https:\/\/static-blogs.hoy.es\/wp-content\/uploads\/sites\/45\/2017\/12\/Toy-Run-2017-.jpg\"><img loading=\"lazy\" class=\"alignleft size-medium wp-image-2398\" src=\"https:\/\/static-blogs.hoy.es\/wp-content\/uploads\/sites\/45\/2017\/12\/Toy-Run-2017--212x300.jpg\" alt=\"toy-run-2017\" width=\"212\" height=\"300\" srcset=\"https:\/\/static-blogs.hoy.es\/wp-content\/uploads\/sites\/45\/2017\/12\/Toy-Run-2017--212x300.jpg 212w, https:\/\/static-blogs.hoy.es\/wp-content\/uploads\/sites\/45\/2017\/12\/Toy-Run-2017--768x1086.jpg 768w, https:\/\/static-blogs.hoy.es\/wp-content\/uploads\/sites\/45\/2017\/12\/Toy-Run-2017--724x1024.jpg 724w\" sizes=\"(max-width: 212px) 100vw, 212px\" \/><\/a>Por sexto a\u00f1o consecutivo se realizar\u00e1 en Badajoz una ruta motera solidaria, con la idea de colaborar con asociaciones locales, dedicadas a ayudar sin \u00e1nimo de lucro. Para \u00e9sta ocasi\u00f3n se colaborar\u00e1 con la Asociaci\u00f3n ELA Extremadura, y Asociaci\u00f3n Grupo Joven.<!--more--><\/p>\n<p>La <a href=\"https:\/\/www.facebook.com\/elaextremadura\/\" rel=\"external nofollow\">Asociaci\u00f3n ELA Extremadura<\/a> est\u00e1 dedicada a dar a conocer la enfermedad ELA, y apoyar a tanto afectados por ella como sus familiares.<\/p>\n<p>La <a href=\"https:\/\/www.facebook.com\/AsociacionGrupoJoven\/\" rel=\"external nofollow\">Asociaci\u00f3n Grupo J\u00f3ven<\/a> trabaja con ni\u00f1os en riesgo de exclusi\u00f3n social.<\/p>\n<p>Para poder apoyar a ambas asociaciones desde el colectivo motero, se ha organizado un fin de semana cargado de rutas, conciertos, actuaciones, m\u00fasica&#8230; aqu\u00ed va el programa:<\/p>\n<p><strong>S\u00e1bado 16 diciembre<\/strong><\/p>\n<p>Durante la ma\u00f1ana <strong>desde las 11 horas y hasta las 14<\/strong>, permanecer\u00e1n puertas abiertas en el Custom Club Moteros de Hoy para recoger\u00a0juguetes, ropa y libros, todo ello nuevo o usados, adem\u00e1s de alimentos no perecederos.<\/p>\n<p><strong>17:00 h<\/strong>. De nuevo puertas abiertas para recogida de juguetes, ropa, libros y alimentos.<\/p>\n<p><strong>18:00 h<\/strong>, inicio de ruta en motocicletas hasta la Plaza de San At\u00f3n, con un recorrido de 3,6 kil\u00f3metros, lo que llevar\u00e1 unos 20 minutos. Las motocicletas ir\u00e1n adornadas con publicidad de la Asociaci\u00f3n ELA Extremadura, para atraer la atenci\u00f3n de curiosos. Detalle de la ruta: C\/ Morchuelo, Camino del Almendro, C\/ Tejo, C\/ Cocotero, C\/ Haya, C\/ Hibisco, Carretera Olivenza, Av Mar\u00eda Auxiliadora, Av Villanueva, Plaza Conquistadores, Av de Huelva, Plaza de la Libertad, C\/ Bartolom\u00e9 Jos\u00e9 Gallardo, C\/ Alonso de Celada, C\/ Pedro de Valdivia, Plaza Minayo, Plaza San At\u00f3n<\/p>\n<p><strong>18:20 h<\/strong>. En la Plaza San At\u00f3n habr\u00e1 una mesa\/stand de la Asociaci\u00f3n ELA Extremadura, para facilitar informaci\u00f3n de su labor, y dar a conocer las carencias de los que sufren la enfermedad del ELA<\/p>\n<p><strong>19:20 h<\/strong>, se inicia ruta hacia Plaza Alta. La ruta tiene un recorrido de 1,7 kil\u00f3metros y tendr\u00e1 una duraci\u00f3n de unos 10 minutos. Detalle de la ruta: Plaza San At\u00f3n, C\/ Mart\u00edn Cansado, C\/ Zurbar\u00e1n, C\/ Mart\u00edn Cansado, Ronda del Pilar, C\/ Eugenio Hermoso, C\/ San Lorenzo, Plaza Alta<\/p>\n<p><strong>19:30 h<\/strong>. En la Plaza Alta habr\u00e1 una mesa\/stand de la Asociaci\u00f3n ELA Extremadura, para facilitar informaci\u00f3n de su labor, y dar a conocer las carencias de los que sufren la enfermedad del ELA.<\/p>\n<p><strong>20:30 h<\/strong>, finalizar\u00e1 la labor de informaci\u00f3n, y sevisitar\u00e1 el Museo Luis de Morales, para ver los dioramas de belenes.<\/p>\n<p><strong>Domingo 17 diciembre<\/strong><\/p>\n<p><strong>Desde las 09:45 h<\/strong>, se ir\u00e1n reuniendo motociclistas en la C\/ Somoza Rivera, junto al parque de San Fernando, con la idea de tomar caf\u00e9\/desayunar en Cafeter\u00eda Dulce Pecado, y Mes\u00f3n San Fernando, tanto en uno como en otro caf\u00e9 y migas a 1\u20ac, con la inscripci\u00f3n.<\/p>\n<p><strong>10:45 h<\/strong>, se iniciar\u00e1 una ruta por alrededores de la ciudad, para que tambi\u00e9n puedan participar motocicletas antiguas y de baja cilindrada. Con un recorrido de 70,0 kil\u00f3metros, lo que llevar\u00e1 sobre 1 hora y 40 minutos, despu\u00e9s de agregarle diez minutos de una parada. Detalle de la ruta: C\/ Somoza Rivera, C\/ Valladolid, C\/ M\u00e9rida, C\/ Garc\u00eda Paredes, Av Carolina Coronado, Av Adolfo Suarez, Puente Autonom\u00eda, Ronda de Circunvalaci\u00f3n Reina Sof\u00eda, Av Ricardo Carapeto Zambrano, Carretera BA-20 (sentido Madrid), para pasar por Cerro Gordo., Av de la Independencia.<\/p>\n<p>Se realizar\u00e1 una parada a la salida de Cerro Gordo, antes de enlazar con la carretera N-V, para agruparnos y realizar una fotograf\u00eda de grupo. All\u00ed se permanecer\u00e1 diez minutos. La ruta contin\u00faa por Carretera N-V (sentido Madrid), Carretera BA-<a href=\"https:\/\/maps.google.com\/?q=23,+Carretera+N-V&amp;entry=gmail&amp;source=g\">23, Carretera N-V<\/a>\u00a0(sentido Madrid), entramos en la localidad de Talavera la Real, Av del Bad\u00e9n, Carretera del Bad\u00e9n, Calzada Romana (sentido Badajoz), Carretera EX209 (sentido Badajoz), Carretera EX100 (sentido C\u00e1ceres), Carretera EX110 (sentido Alburquerque) hasta localidad de Valdebotoa, all\u00ed en rotonda cambiamos el sentido y nos dirigimos a Badajoz., Carretera EX100 (sentido Badajoz), Av Adolfo Suarez, Av Adolfo D\u00edaz Ambrona, Av de Elvas, Av Puente Real, Av Sinforiano Madro\u00f1ero, Carretera EX107 (sentido Olivenza), C\/ Hibisco, C\/ Jacaranda, Camino del Almendro, C\/ Morchuelo., Sobre 12:30h, llegada al Custom Club Moteros de Hoy, sede de la Asociaci\u00f3n Moteros de Hoy.<\/p>\n<p>Durante el mediod\u00eda y la tarde, hasta las 19:00 h, contaremos con:<\/p>\n<p>\u2013 M\u00fasica para amenizar a los asistentes.<br \/>\n\u2013 Picoteo\/comida<br \/>\n\u2013 Stand de la Asociaci\u00f3n ELA Extremadura, facilitando informaci\u00f3n de su asociaci\u00f3n.<\/p>\n<p>\u2013\u00a0Sobre las 13:30h, actuaci\u00f3n en directo del grupo musical The PlayMouth<br \/>\n\u2013\u00a0Sobre las 17 h, actuaci\u00f3n por ni\u00f1os de la Asociaci\u00f3n Grupo Joven<\/p>\n<p>Para realizar la entrega de juguetes puedes realizarlo en, C\/. Morchuelo, 21-A, 06011 Badajoz, si tienes un m\u00f3vil con gps, pon ir a \u201c<a href=\"https:\/\/www.google.es\/maps\/place\/Custom+Club+Moteros+de+Hoy\/@38.8542164,-6.988756,17z\/data=!3m1!4b1!4m5!3m4!1s0xd16e442a1b1ac39:0xc5fd4d82530d60c0!8m2!3d38.8542164!4d-6.9865673\" rel=\"external nofollow\">Moteros de Hoy<\/a>\u201d y te llevar\u00e1 a la puerta.<\/p>\n<p><strong>Para asistir al evento NO ES NECESARIO disponer de una moto<\/strong>, pero si de ganas de ser solidario y querer aportar algo, siempre tenemos alguna prenda que no usamos, alg\u00fan juguete para desechar, alg\u00fan libro que ya no nos interesa o alg\u00fan kilo de alimento no perecedero.<\/p>\n<p>Esperamos contar con todos vosotros y pasar un buen fin de semana. Saca tu lado solidario.<\/p>\n<p>Saludos y r\u00e1fagas.<\/p>\n<!-- AddThis Advanced Settings generic via filter on the_content --><!-- AddThis Share Buttons generic via filter on the_content -->","protected":false},"excerpt":{"rendered":"<p>El fin de semana del 16 y 17 de diciembre tendr\u00e1 lugar la recogida de juguetes, ropa y libros, todo ello tanto nuevo como usado y alimentos no perecederos. Por sexto a\u00f1o consecutivo se realizar\u00e1 en Badajoz una ruta motera solidaria, con la idea de colaborar con asociaciones locales, dedicadas a ayudar sin \u00e1nimo de [&hellip;]<!-- AddThis Advanced Settings generic via filter on get_the_excerpt --><!-- AddThis Share Buttons generic via filter on get_the_excerpt --><\/p>\n","protected":false},"author":49,"featured_media":0,"comment_status":"open","ping_status":"closed","sticky":false,"template":"","format":"standard","meta":[],"categories":[9,13,1],"tags":[1149,438,622,636,1145],"_links":{"self":[{"href":"https:\/\/blogs.hoy.es\/moterosdehoy\/wp-json\/wp\/v2\/posts\/2396"}],"collection":[{"href":"https:\/\/blogs.hoy.es\/moterosdehoy\/wp-json\/wp\/v2\/posts"}],"about":[{"href":"https:\/\/blogs.hoy.es\/moterosdehoy\/wp-json\/wp\/v2\/types\/post"}],"author":[{"embeddable":true,"href":"https:\/\/blogs.hoy.es\/moterosdehoy\/wp-json\/wp\/v2\/users\/49"}],"replies":[{"embeddable":true,"href":"https:\/\/blogs.hoy.es\/moterosdehoy\/wp-json\/wp\/v2\/comments?post=2396"}],"version-history":[{"count":2,"href":"https:\/\/blogs.hoy.es\/moterosdehoy\/wp-json\/wp\/v2\/posts\/2396\/revisions"}],"predecessor-version":[{"id":2399,"href":"https:\/\/blogs.hoy.es\/moterosdehoy\/wp-json\/wp\/v2\/posts\/2396\/revisions\/2399"}],"wp:attachment":[{"href":"https:\/\/blogs.hoy.es\/moterosdehoy\/wp-json\/wp\/v2\/media?parent=2396"}],"wp:term":[{"taxonomy":"category","embeddable":true,"href":"https:\/\/blogs.hoy.es\/moterosdehoy\/wp-json\/wp\/v2\/categories?post=2396"},{"taxonomy":"post_tag","embeddable":true,"href":"https:\/\/blogs.hoy.es\/moterosdehoy\/wp-json\/wp\/v2\/tags?post=2396"}],"curies":[{"name":"wp","href":"https:\/\/api.w.org\/{rel}","templated":true}]}}