{"id":2400,"date":"2017-12-24T19:17:33","date_gmt":"2017-12-24T19:17:33","guid":{"rendered":"http:\/\/blogs.hoy.es\/moterosdehoy\/?p=2400"},"modified":"2017-12-24T19:17:33","modified_gmt":"2017-12-24T19:17:33","slug":"moteros-solidarios-en-caceres","status":"publish","type":"post","link":"https:\/\/blogs.hoy.es\/moterosdehoy\/2017\/12\/24\/moteros-solidarios-en-caceres\/","title":{"rendered":"Moteros Solidarios en C\u00e1ceres"},"content":{"rendered":"<p><strong>Un a\u00f1o m\u00e1s el grupo motero &#8220;Buitres Leonaos&#8221; asentado en C\u00e1ceres, realizar\u00e1 una recogida de alimentos.<\/strong><\/p>\n<p><a href=\"https:\/\/static-blogs.hoy.es\/wp-content\/uploads\/sites\/45\/2017\/12\/IMG_7871.jpg\"><img loading=\"lazy\" class=\"alignleft size-medium wp-image-2401\" src=\"https:\/\/static-blogs.hoy.es\/wp-content\/uploads\/sites\/45\/2017\/12\/IMG_7871-180x300.jpg\" alt=\"img_7871\" width=\"180\" height=\"300\" srcset=\"https:\/\/static-blogs.hoy.es\/wp-content\/uploads\/sites\/45\/2017\/12\/IMG_7871-180x300.jpg 180w, https:\/\/static-blogs.hoy.es\/wp-content\/uploads\/sites\/45\/2017\/12\/IMG_7871-768x1280.jpg 768w, https:\/\/static-blogs.hoy.es\/wp-content\/uploads\/sites\/45\/2017\/12\/IMG_7871-615x1024.jpg 615w, https:\/\/static-blogs.hoy.es\/wp-content\/uploads\/sites\/45\/2017\/12\/IMG_7871.jpg 794w\" sizes=\"(max-width: 180px) 100vw, 180px\" \/><\/a>El s\u00e1bado d\u00eda 30\u00a0de diciembre, tendr\u00e1 lugar un encuentro motero solidario en la ciudad de C\u00e1ceres. Ser\u00e1 de la mano de los Buitres Leonaos, y consistir\u00e1 en recogida de alimentos.<!--more--><\/p>\n<p>El punto de encuentro ser\u00e1 en la explanada del Carrefour de C\u00e1ceres, donde a las 11 horas iniciar\u00e1 una ruta de unos 95 kil\u00f3metros, pasando por Casar de C\u00e1ceres, Garrovillas de Alcon\u00e9tar, Arroyo de la Luz, y regreso a C\u00e1ceres, d\u00f3nde\u00a0tendr\u00e1 lugar la comida y en el palacio de hielo un concierto del grupo Salvaje Tren.<\/p>\n<p>Para todo ello se ha preparado una inscripci\u00f3n de 6 euros, que dar\u00e1 derecho a desayuno, comida, cerveza y acceso al concierto.<\/p>\n<p>Recuerda que el evento es de recogida de alimentos, no olvides de llevar alg\u00fan kilo de alimento no perecedero.<\/p>\n<p>Saca tu lado solidario y disfruta de rutas, amistad y solidaridad.<\/p>\n<p>Saludos y r\u00e1fagas.<\/p>\n<p>&nbsp;<\/p>\n<p>&nbsp;<\/p>\n<!-- AddThis Advanced Settings generic via filter on the_content --><!-- AddThis Share Buttons generic via filter on the_content -->","protected":false},"excerpt":{"rendered":"<p>Un a\u00f1o m\u00e1s el grupo motero &#8220;Buitres Leonaos&#8221; asentado en C\u00e1ceres, realizar\u00e1 una recogida de alimentos. El s\u00e1bado d\u00eda 30\u00a0de diciembre, tendr\u00e1 lugar un encuentro motero solidario en la ciudad de C\u00e1ceres. Ser\u00e1 de la mano de los Buitres Leonaos, y consistir\u00e1 en recogida de alimentos.<!-- AddThis Advanced Settings generic via filter on get_the_excerpt --><!-- AddThis Share Buttons generic via filter on get_the_excerpt --><\/p>\n","protected":false},"author":49,"featured_media":0,"comment_status":"open","ping_status":"closed","sticky":false,"template":"","format":"standard","meta":[],"categories":[9,13],"tags":[120,1150,622,1151,723],"_links":{"self":[{"href":"https:\/\/blogs.hoy.es\/moterosdehoy\/wp-json\/wp\/v2\/posts\/2400"}],"collection":[{"href":"https:\/\/blogs.hoy.es\/moterosdehoy\/wp-json\/wp\/v2\/posts"}],"about":[{"href":"https:\/\/blogs.hoy.es\/moterosdehoy\/wp-json\/wp\/v2\/types\/post"}],"author":[{"embeddable":true,"href":"https:\/\/blogs.hoy.es\/moterosdehoy\/wp-json\/wp\/v2\/users\/49"}],"replies":[{"embeddable":true,"href":"https:\/\/blogs.hoy.es\/moterosdehoy\/wp-json\/wp\/v2\/comments?post=2400"}],"version-history":[{"count":1,"href":"https:\/\/blogs.hoy.es\/moterosdehoy\/wp-json\/wp\/v2\/posts\/2400\/revisions"}],"predecessor-version":[{"id":2402,"href":"https:\/\/blogs.hoy.es\/moterosdehoy\/wp-json\/wp\/v2\/posts\/2400\/revisions\/2402"}],"wp:attachment":[{"href":"https:\/\/blogs.hoy.es\/moterosdehoy\/wp-json\/wp\/v2\/media?parent=2400"}],"wp:term":[{"taxonomy":"category","embeddable":true,"href":"https:\/\/blogs.hoy.es\/moterosdehoy\/wp-json\/wp\/v2\/categories?post=2400"},{"taxonomy":"post_tag","embeddable":true,"href":"https:\/\/blogs.hoy.es\/moterosdehoy\/wp-json\/wp\/v2\/tags?post=2400"}],"curies":[{"name":"wp","href":"https:\/\/api.w.org\/{rel}","templated":true}]}}