{"id":2468,"date":"2018-05-08T16:10:23","date_gmt":"2018-05-08T16:10:23","guid":{"rendered":"http:\/\/blogs.hoy.es\/moterosdehoy\/?p=2468"},"modified":"2018-05-08T16:10:23","modified_gmt":"2018-05-08T16:10:23","slug":"manifestacion-por-la-seguridad-de-los-moteros","status":"publish","type":"post","link":"https:\/\/blogs.hoy.es\/moterosdehoy\/2018\/05\/08\/manifestacion-por-la-seguridad-de-los-moteros\/","title":{"rendered":"Manifestaci\u00f3n por la seguridad de los moteros"},"content":{"rendered":"<p>Un a\u00f1o m\u00e1s la Plataforma ciudadana de activistas en defensa de los motocicilistas y las motocicletas (<a href=\"https:\/\/www.seguridadmotociclistas.es\/\" rel=\"external nofollow\">IMU<\/a>), ha organizado una manifestaci\u00f3n por la seguridad de los motoristas, en \u00e9sta ocasi\u00f3n se realizar\u00e1 una gran manifestaci\u00f3n en Madrid que tendr\u00e1 lugar el d\u00eda 13 de mayo. A su vez se realizar\u00e1 en diversas islas de nuestros archipi\u00e9lagos.<\/p>\n<p><a href=\"https:\/\/static-blogs.hoy.es\/wp-content\/uploads\/sites\/45\/2018\/05\/2018-05-Madrid.jpg\"><img loading=\"lazy\" class=\"alignleft size-medium wp-image-2469\" src=\"https:\/\/static-blogs.hoy.es\/wp-content\/uploads\/sites\/45\/2018\/05\/2018-05-Madrid-300x200.jpg\" alt=\"2018-05-madrid\" width=\"300\" height=\"200\" \/><\/a>Adem\u00e1s de reclamar\u00a0por nuestra seguridad, tambi\u00e9n se exige responsabilidad por el incremento de siniestros, por la falta de pol\u00edticas preventivas eficaces, o por la falta de mantenimiento de nuestras carreteras, y a su vez\u00a0se busca conseguir el reconocimiento por parte de los Ayuntamientos de\u00a0los beneficios que aportan las motocicletas al tr\u00e1fico urbano, y hacerles ver que deber\u00edan hacer pol\u00edticas que faciliten y promuevan su uso, no poner impedimentos y cada vez m\u00e1s restricciones.<\/p>\n<p>Dentro del manifiesto que reclamar\u00e1 la manifestaci\u00f3n, se solicita:<\/p>\n<ol>\n<li>El cese en funciones inmediato del Director General de Tr\u00e1fico por haber demostrado su incapacidad para el cargo que ocupa, incrementando con sus err\u00f3neas pol\u00edticas viales el n\u00famero de siniestros y lesionados en el tr\u00e1fico de veh\u00edculos.<\/li>\n<li>La persecuci\u00f3n de oficio por las fiscal\u00edas de seguridad vial, de los delincuentes que faltando a la obligaci\u00f3n de su cargo, no restablezcan la seguridad del tr\u00e1fico, en lo relativo al estado de conservaci\u00f3n de la carretera o calle.<\/li>\n<li>Mejoras en la conservaci\u00f3n de las carreteras y calles y sus presupuestos, as\u00ed como el respeto a las normas t\u00e9cnicas y legales por parte de las administraciones p\u00fablicas y sus funcionarios, para garantizar nuestra seguridad.<\/li>\n<li>La protecci\u00f3n de todos los Guardarra\u00edles. La protecci\u00f3n de toda barrera met\u00e1lica de seguridad, capaz a\u00fan y pese a todos los a\u00f1os de lucha y trabajo, de matar a ciclistas, motociclistas y ciclomotoristas de forma selectiva y con impunidad.<\/li>\n<li>Que los CC y FF de seguridad incrementen la vigilancia sobre el estado de conservaci\u00f3n de carreteras y calles.<\/li>\n<li>Incrementar la formaci\u00f3n de los agentes de los CC y FF de seguridad, investigadores de los siniestros de tr\u00e1nsito, en materia de seguridad vial asociada a las obligaciones del estado de las carreteras o calles.<\/li>\n<li>Incrementar los recursos en investigaci\u00f3n de accidentes de tr\u00e1nsito adjudicados a los CC y FF de seguridad.<\/li>\n<li>Unificaci\u00f3n de las tasas de los municipios para el acceso a los informes de accidentes emitidos por las polic\u00edas locales.<\/li>\n<li>Reducci\u00f3n del IVA en cascos de protecci\u00f3n y otros equipos de seguridad para los motociclistas.<\/li>\n<li>La segregaci\u00f3n del tr\u00e1fico, reformando el Reglamento General de Circulaci\u00f3n para permitir la circulaci\u00f3n por el arc\u00e9n, si este fuere practicable y de anchura superior a un metro, en caso de retenci\u00f3n del tr\u00e1fico con movilidad 0 y a velocidad reducida de 20 km\/h.<\/li>\n<li>La reducci\u00f3n del coste de peajes de autopista.<\/li>\n<li>Incorporaci\u00f3n de la educaci\u00f3n vial multidisciplinar y por ley en el curr\u00edculo escolar.<\/li>\n<\/ol>\n<p>Por todo ello,\u00a0desde muy diversos puntos del pa\u00eds acudir\u00e1n motoristas para mostrar su apoyo en la manifestaci\u00f3n que tendr\u00e1 su punto de encuentro a las 11:00 horas en la Plaza de las ventas (Madrid), para iniciar una ruta a las 12\u00a0despu\u00e9s de la lectura del manifiesto. Partiendo\u00a0frente a la sede de la DGT. C\/ Josefa Valc\u00e1rcel, para hacer un minuto de silencio, all\u00ed los que\u00a0quieran depositar\u00e1n las motocicletas al suelo, y el casco rendido al lado de la motocicleta.<\/p>\n<p>Informaci\u00f3n obtenida de la\u00a0<a href=\"https:\/\/www.seguridadmotociclistas.es\/2018\/04\/18\/convocatoria-manifestacion-nacional-motociclistas\/\" rel=\"external nofollow\">secci\u00f3n noticias<\/a>, p\u00e1gina oficial de IMU.<\/p>\n<p>Saludos y r\u00e1fagas.<\/p>\n<!-- AddThis Advanced Settings generic via filter on the_content --><!-- AddThis Share Buttons generic via filter on the_content -->","protected":false},"excerpt":{"rendered":"<p>Un a\u00f1o m\u00e1s la Plataforma ciudadana de activistas en defensa de los motocicilistas y las motocicletas (IMU), ha organizado una manifestaci\u00f3n por la seguridad de los motoristas, en \u00e9sta ocasi\u00f3n se realizar\u00e1 una gran manifestaci\u00f3n en Madrid que tendr\u00e1 lugar el d\u00eda 13 de mayo. A su vez se realizar\u00e1 en diversas islas de nuestros [&hellip;]<!-- AddThis Advanced Settings generic via filter on get_the_excerpt --><!-- AddThis Share Buttons generic via filter on get_the_excerpt --><\/p>\n","protected":false},"author":49,"featured_media":0,"comment_status":"open","ping_status":"closed","sticky":false,"template":"","format":"standard","meta":[],"categories":[9,13],"tags":[1184,1188,1185,622,1186,1187],"_links":{"self":[{"href":"https:\/\/blogs.hoy.es\/moterosdehoy\/wp-json\/wp\/v2\/posts\/2468"}],"collection":[{"href":"https:\/\/blogs.hoy.es\/moterosdehoy\/wp-json\/wp\/v2\/posts"}],"about":[{"href":"https:\/\/blogs.hoy.es\/moterosdehoy\/wp-json\/wp\/v2\/types\/post"}],"author":[{"embeddable":true,"href":"https:\/\/blogs.hoy.es\/moterosdehoy\/wp-json\/wp\/v2\/users\/49"}],"replies":[{"embeddable":true,"href":"https:\/\/blogs.hoy.es\/moterosdehoy\/wp-json\/wp\/v2\/comments?post=2468"}],"version-history":[{"count":1,"href":"https:\/\/blogs.hoy.es\/moterosdehoy\/wp-json\/wp\/v2\/posts\/2468\/revisions"}],"predecessor-version":[{"id":2470,"href":"https:\/\/blogs.hoy.es\/moterosdehoy\/wp-json\/wp\/v2\/posts\/2468\/revisions\/2470"}],"wp:attachment":[{"href":"https:\/\/blogs.hoy.es\/moterosdehoy\/wp-json\/wp\/v2\/media?parent=2468"}],"wp:term":[{"taxonomy":"category","embeddable":true,"href":"https:\/\/blogs.hoy.es\/moterosdehoy\/wp-json\/wp\/v2\/categories?post=2468"},{"taxonomy":"post_tag","embeddable":true,"href":"https:\/\/blogs.hoy.es\/moterosdehoy\/wp-json\/wp\/v2\/tags?post=2468"}],"curies":[{"name":"wp","href":"https:\/\/api.w.org\/{rel}","templated":true}]}}