{"id":2471,"date":"2018-05-14T21:54:42","date_gmt":"2018-05-14T21:54:42","guid":{"rendered":"http:\/\/blogs.hoy.es\/moterosdehoy\/?p=2471"},"modified":"2018-05-14T22:01:13","modified_gmt":"2018-05-14T22:01:13","slug":"vi-aniversario-moteros-de-hoy","status":"publish","type":"post","link":"https:\/\/blogs.hoy.es\/moterosdehoy\/2018\/05\/14\/vi-aniversario-moteros-de-hoy\/","title":{"rendered":"VI Aniversario Moteros de Hoy"},"content":{"rendered":"<p>Vamos a llegar a seis a\u00f1os facilitando informaci\u00f3n, el 25 de mayo de 2012, escrib\u00ed la primera entrada, que comenzaba as\u00ed:\u00a0<em>Bienvenidos al blog de \u201c<strong><a title=\"Enlace al blog\" href=\"https:\/\/blogs.hoy.es\/moterosdehoy\/\" target=\"_blank\">Moteros de HOY<\/a><\/strong>\u201d, mi nombre es\u00a0Antonio M\u00e1rquez, Tony o PicaDura para amigos y moteros<\/em>\u2026<\/p>\n<p><a href=\"https:\/\/static-blogs.hoy.es\/wp-content\/uploads\/sites\/45\/2018\/05\/VI-aniversario-MDH-con-colaboradores-y-horarios.jpg\"><img loading=\"lazy\" class=\"alignleft size-medium wp-image-2472\" src=\"https:\/\/static-blogs.hoy.es\/wp-content\/uploads\/sites\/45\/2018\/05\/VI-aniversario-MDH-con-colaboradores-y-horarios-212x300.jpg\" alt=\"vi-aniversario-mdh-con-colaboradores-y-horarios\" width=\"212\" height=\"300\" srcset=\"https:\/\/static-blogs.hoy.es\/wp-content\/uploads\/sites\/45\/2018\/05\/VI-aniversario-MDH-con-colaboradores-y-horarios-212x300.jpg 212w, https:\/\/static-blogs.hoy.es\/wp-content\/uploads\/sites\/45\/2018\/05\/VI-aniversario-MDH-con-colaboradores-y-horarios-768x1086.jpg 768w, https:\/\/static-blogs.hoy.es\/wp-content\/uploads\/sites\/45\/2018\/05\/VI-aniversario-MDH-con-colaboradores-y-horarios-724x1024.jpg 724w, https:\/\/static-blogs.hoy.es\/wp-content\/uploads\/sites\/45\/2018\/05\/VI-aniversario-MDH-con-colaboradores-y-horarios.jpg 1191w\" sizes=\"(max-width: 212px) 100vw, 212px\" \/><\/a>Al poco tiempo se fund\u00f3 como asociaci\u00f3n\u00a0<span id=\"more-2180\"><\/span>para ayudar y aportar nuestro granito de arena a la sociedad, contando con el apoyo de m\u00e1s moteros. \u00c9ste mes toca aniversario, es una forma m\u00e1s de darnos a conocer y que cuando realicemos alg\u00fan evento ben\u00e9fico tengamos m\u00e1s aportes o ayudas.<\/p>\n<p>El <strong>s\u00e1bado d\u00eda 19 de mayo<\/strong>, para celebrar el sexto aniversario hemos pensado hacer una peque\u00f1a ruta y luego acudir a la sede, all\u00ed tendremos algo de picoteo, comida y varios conciertos. Los conciertos son de grupos de nuestro panorama regional y que nosotros colaboramos con ellos dej\u00e1ndoles la sede ese d\u00eda para darse a conocer.<\/p>\n<p>PROGRAMA DEL ANIVERSARIO:<\/p>\n<p>Desde las 09:30 horas desayuno (caf\u00e9 y migas 1,1o\u20ac) en Bar El Puerto, sito en C\/ Juan Labrado, San Roque, Badajoz.<\/p>\n<p>10:45 h, ruta direcci\u00f3n Alburqueque, Villar del Rey, La Roca de la Sierra y finalizando en la sede de Moteros de Hoy sobre las 12:45 h. C\/. Morchuelo, 21-A, Barriada de Llera, Badajoz. Durante la ruta habr\u00e1 tres paradas para poder reagruparnos, y se respetar\u00e1n las normas de tr\u00e1fico, circulando en grupo, por lo que se evitar\u00e1n adelantamientos salvo que el que te preceda indique lo contrario, o sea necesario adelantarlo para no disgregar el grupo. Cerrando la ruta estar\u00e1n varios moteros de la organizaci\u00f3n, si hay alg\u00fan problema se les indicar\u00e1 a ellos. Tendr\u00e1 un recorrido de unos 115 kil\u00f3metros, por lo que cualquier dep\u00f3sito puede soportarlo, acudir con el dep\u00f3sito lleno pues no se realizar\u00e1n paradas de repostaje.<a href=\"https:\/\/static-blogs.hoy.es\/wp-content\/uploads\/sites\/45\/2017\/05\/Logo-Custom-Club-Moteros-de-Hoy-_.jpg\"><img loading=\"lazy\" class=\"alignright size-medium wp-image-2183\" src=\"https:\/\/static-blogs.hoy.es\/wp-content\/uploads\/sites\/45\/2017\/05\/Logo-Custom-Club-Moteros-de-Hoy-_-292x300.jpg\" alt=\"Logo Custom Club Moteros de Hoy _\" width=\"292\" height=\"300\" srcset=\"https:\/\/static-blogs.hoy.es\/wp-content\/uploads\/sites\/45\/2017\/05\/Logo-Custom-Club-Moteros-de-Hoy-_-292x300.jpg 292w, https:\/\/static-blogs.hoy.es\/wp-content\/uploads\/sites\/45\/2017\/05\/Logo-Custom-Club-Moteros-de-Hoy-_-768x790.jpg 768w, https:\/\/static-blogs.hoy.es\/wp-content\/uploads\/sites\/45\/2017\/05\/Logo-Custom-Club-Moteros-de-Hoy-_-995x1024.jpg 995w\" sizes=\"(max-width: 292px) 100vw, 292px\" \/><\/a><\/p>\n<p>13:00 h, picoteo.<\/p>\n<p>14:00 h, comida.<\/p>\n<p>14:30 h, concierto del grupo ELEP\u00c9.<\/p>\n<p>17:00 h, sorteos.<\/p>\n<p>18:00 h, concierto del grupo The PlayMouth.<\/p>\n<p>20:00 h, contin\u00faa la m\u00fasica.<\/p>\n<p>Habr\u00e1 una inscripci\u00f3n de seis euros, que no es obligatoria, con ella obtendr\u00e1s ticket de comida, dos refrescos y acceso a los sorteos.<\/p>\n<p>En definitiva ser\u00e1 un buen d\u00eda para estar entre amigos, ruta, fiesta, m\u00fasica&#8230; y todo ello acompa\u00f1ado de buen tiempo, no lo dudes y acude a pasar un buen rato.<\/p>\n<p>Saludos y r\u00e1fagas.<\/p>\n<!-- AddThis Advanced Settings generic via filter on the_content --><!-- AddThis Share Buttons generic via filter on the_content -->","protected":false},"excerpt":{"rendered":"<p>Vamos a llegar a seis a\u00f1os facilitando informaci\u00f3n, el 25 de mayo de 2012, escrib\u00ed la primera entrada, que comenzaba as\u00ed:\u00a0Bienvenidos al blog de \u201cMoteros de HOY\u201d, mi nombre es\u00a0Antonio M\u00e1rquez, Tony o PicaDura para amigos y moteros\u2026 Al poco tiempo se fund\u00f3 como asociaci\u00f3n\u00a0para ayudar y aportar nuestro granito de arena a la sociedad, [&hellip;]<!-- AddThis Advanced Settings generic via filter on get_the_excerpt --><!-- AddThis Share Buttons generic via filter on get_the_excerpt --><\/p>\n","protected":false},"author":49,"featured_media":0,"comment_status":"open","ping_status":"closed","sticky":false,"template":"","format":"standard","meta":[],"categories":[5,9,13],"tags":[328,622,1189],"_links":{"self":[{"href":"https:\/\/blogs.hoy.es\/moterosdehoy\/wp-json\/wp\/v2\/posts\/2471"}],"collection":[{"href":"https:\/\/blogs.hoy.es\/moterosdehoy\/wp-json\/wp\/v2\/posts"}],"about":[{"href":"https:\/\/blogs.hoy.es\/moterosdehoy\/wp-json\/wp\/v2\/types\/post"}],"author":[{"embeddable":true,"href":"https:\/\/blogs.hoy.es\/moterosdehoy\/wp-json\/wp\/v2\/users\/49"}],"replies":[{"embeddable":true,"href":"https:\/\/blogs.hoy.es\/moterosdehoy\/wp-json\/wp\/v2\/comments?post=2471"}],"version-history":[{"count":4,"href":"https:\/\/blogs.hoy.es\/moterosdehoy\/wp-json\/wp\/v2\/posts\/2471\/revisions"}],"predecessor-version":[{"id":2476,"href":"https:\/\/blogs.hoy.es\/moterosdehoy\/wp-json\/wp\/v2\/posts\/2471\/revisions\/2476"}],"wp:attachment":[{"href":"https:\/\/blogs.hoy.es\/moterosdehoy\/wp-json\/wp\/v2\/media?parent=2471"}],"wp:term":[{"taxonomy":"category","embeddable":true,"href":"https:\/\/blogs.hoy.es\/moterosdehoy\/wp-json\/wp\/v2\/categories?post=2471"},{"taxonomy":"post_tag","embeddable":true,"href":"https:\/\/blogs.hoy.es\/moterosdehoy\/wp-json\/wp\/v2\/tags?post=2471"}],"curies":[{"name":"wp","href":"https:\/\/api.w.org\/{rel}","templated":true}]}}