{"id":2477,"date":"2018-05-28T22:35:43","date_gmt":"2018-05-28T22:35:43","guid":{"rendered":"http:\/\/blogs.hoy.es\/moterosdehoy\/?p=2477"},"modified":"2022-06-01T15:49:37","modified_gmt":"2022-06-01T15:49:37","slug":"concentracion-motera-en-villafranca-de-los-barros-2","status":"publish","type":"post","link":"https:\/\/blogs.hoy.es\/moterosdehoy\/2018\/05\/28\/concentracion-motera-en-villafranca-de-los-barros-2\/","title":{"rendered":"Concentraci\u00f3n motera en Villafranca de los Barros"},"content":{"rendered":"<p>Los d\u00edas <strong>2 y 3 de junio<\/strong> 2018 tendremos la &#8220;IV Concentraci\u00f3n motera Domingueros Moteros&#8221;, y ser\u00e1 en su localidad <a href=\"https:\/\/es.wikipedia.org\/wiki\/Villafranca_de_los_Barros\" rel=\"external nofollow\">Villafranca de los Barros<\/a> (Badajoz)<\/p>\n<p><a href=\"https:\/\/static-blogs.hoy.es\/wp-content\/uploads\/sites\/45\/2018\/05\/2018-06-Villafranca-de-los-Barros.jpg\"><img loading=\"lazy\" class=\"alignleft size-medium wp-image-2478\" src=\"https:\/\/static-blogs.hoy.es\/wp-content\/uploads\/sites\/45\/2018\/05\/2018-06-Villafranca-de-los-Barros-300x197.jpg\" alt=\"2018-06-villafranca-de-los-barros\" width=\"300\" height=\"197\" srcset=\"https:\/\/static-blogs.hoy.es\/wp-content\/uploads\/sites\/45\/2018\/05\/2018-06-Villafranca-de-los-Barros-300x197.jpg 300w, https:\/\/static-blogs.hoy.es\/wp-content\/uploads\/sites\/45\/2018\/05\/2018-06-Villafranca-de-los-Barros-768x504.jpg 768w, https:\/\/static-blogs.hoy.es\/wp-content\/uploads\/sites\/45\/2018\/05\/2018-06-Villafranca-de-los-Barros.jpg 960w\" sizes=\"(max-width: 300px) 100vw, 300px\" \/><\/a>La concentraci\u00f3n comenzar\u00e1 el s\u00e1bado con apertura de inscripciones a las 12 horas, copa de bienvenida y degustaci\u00f3n de jam\u00f3n. Continuando con ruta bar\u00edtima a las 18 horas:<\/p>\n<ul>\n<li>Casa de la cultura (caf\u00e9 y dulce o refresco)<\/li>\n<li>Exposici\u00f3n fotogr\u00e1fica Pe\u00f1a Lagarto Lagarto.<\/li>\n<li>Restaurante &#8211; Cafeter\u00eda Jero (refresco)<\/li>\n<li>Visita al museo de motos y coches cl\u00e1sicos.<\/li>\n<\/ul>\n<p>21:30h, cena para inscritos<\/p>\n<p>23:30h, concierto, de Manolo el Burro y Cia, y Dj Cisco, hasta altas horas de la madrugada.<\/p>\n<p>Continuar\u00e1 el domingo con apertura de inscripciones a las 09:00h, y desayuno en restaurante Maxi, para coger fuerzas e iniciar una ruta motera a las 10:30h, hacia Hornachos, con parada en <a href=\"http:\/\/www.naturexpark.com\/\" rel=\"external nofollow\">Naturex Park<\/a>, a las 14:30h comida para los inscritos, con visionado del Gran Premio de Italia, y para finalizar sorteo de premios y regalos.<\/p>\n<p>Habr\u00e1 dos tipos de inscripciones, una de 15\u20ac para s\u00e1bado y domingo, y otra de 7\u20ac para el domingo, pudiendo hacerse en la propia concentraci\u00f3n o en restaurante Maxi.<\/p>\n<p>Los inscritos contar\u00e1n tambi\u00e9n con zona de acampada, c\u00e9sped, sombra, duchas y acceso a la piscina.<\/p>\n<p>En definitiva, todos los ingredientes necesarios para disfrutar de un buen fin de semana motero.<\/p>\n<p>Saludos y r\u00e1fagas.<\/p>\n<!-- AddThis Advanced Settings generic via filter on the_content --><!-- AddThis Share Buttons generic via filter on the_content -->","protected":false},"excerpt":{"rendered":"<p>Los d\u00edas 2 y 3 de junio 2018 tendremos la &#8220;IV Concentraci\u00f3n motera Domingueros Moteros&#8221;, y ser\u00e1 en su localidad Villafranca de los Barros (Badajoz) La concentraci\u00f3n comenzar\u00e1 el s\u00e1bado con apertura de inscripciones a las 12 horas, copa de bienvenida y degustaci\u00f3n de jam\u00f3n. Continuando con ruta bar\u00edtima a las 18 horas: Casa de [&hellip;]<!-- AddThis Advanced Settings generic via filter on get_the_excerpt --><!-- AddThis Share Buttons generic via filter on get_the_excerpt --><\/p>\n","protected":false},"author":49,"featured_media":0,"comment_status":"open","ping_status":"closed","sticky":false,"template":"","format":"standard","meta":[],"categories":[13],"tags":[1191,1192,622,1190,1012],"_links":{"self":[{"href":"https:\/\/blogs.hoy.es\/moterosdehoy\/wp-json\/wp\/v2\/posts\/2477"}],"collection":[{"href":"https:\/\/blogs.hoy.es\/moterosdehoy\/wp-json\/wp\/v2\/posts"}],"about":[{"href":"https:\/\/blogs.hoy.es\/moterosdehoy\/wp-json\/wp\/v2\/types\/post"}],"author":[{"embeddable":true,"href":"https:\/\/blogs.hoy.es\/moterosdehoy\/wp-json\/wp\/v2\/users\/49"}],"replies":[{"embeddable":true,"href":"https:\/\/blogs.hoy.es\/moterosdehoy\/wp-json\/wp\/v2\/comments?post=2477"}],"version-history":[{"count":5,"href":"https:\/\/blogs.hoy.es\/moterosdehoy\/wp-json\/wp\/v2\/posts\/2477\/revisions"}],"predecessor-version":[{"id":2483,"href":"https:\/\/blogs.hoy.es\/moterosdehoy\/wp-json\/wp\/v2\/posts\/2477\/revisions\/2483"}],"wp:attachment":[{"href":"https:\/\/blogs.hoy.es\/moterosdehoy\/wp-json\/wp\/v2\/media?parent=2477"}],"wp:term":[{"taxonomy":"category","embeddable":true,"href":"https:\/\/blogs.hoy.es\/moterosdehoy\/wp-json\/wp\/v2\/categories?post=2477"},{"taxonomy":"post_tag","embeddable":true,"href":"https:\/\/blogs.hoy.es\/moterosdehoy\/wp-json\/wp\/v2\/tags?post=2477"}],"curies":[{"name":"wp","href":"https:\/\/api.w.org\/{rel}","templated":true}]}}