{"id":2484,"date":"2018-06-04T22:59:50","date_gmt":"2018-06-04T22:59:50","guid":{"rendered":"http:\/\/blogs.hoy.es\/moterosdehoy\/?p=2484"},"modified":"2022-06-01T15:49:31","modified_gmt":"2022-06-01T15:49:31","slug":"concentracion-motera-en-valdelacalzada","status":"publish","type":"post","link":"https:\/\/blogs.hoy.es\/moterosdehoy\/2018\/06\/04\/concentracion-motera-en-valdelacalzada\/","title":{"rendered":"Concentraci\u00f3n motera en Valdelacalzada"},"content":{"rendered":"<p>Bajo el t\u00edtulo de &#8220;I Concentraci\u00f3n motera La Vara&#8221;, tendremos para el fin de semana del<strong>\u00a09 y 10 de junio<\/strong> un evento motero en <a href=\"https:\/\/es.wikipedia.org\/wiki\/Valdelacalzada\" rel=\"external nofollow\">Valdelacalzada<\/a>.<\/p>\n<p><a href=\"https:\/\/static-blogs.hoy.es\/wp-content\/uploads\/sites\/45\/2018\/06\/2018-06-Valdelacalzada.jpg\"><img loading=\"lazy\" class=\"alignleft size-medium wp-image-2486\" src=\"https:\/\/static-blogs.hoy.es\/wp-content\/uploads\/sites\/45\/2018\/06\/2018-06-Valdelacalzada-212x300.jpg\" alt=\"2018-06-valdelacalzada\" width=\"212\" height=\"300\" srcset=\"https:\/\/static-blogs.hoy.es\/wp-content\/uploads\/sites\/45\/2018\/06\/2018-06-Valdelacalzada-212x300.jpg 212w, https:\/\/static-blogs.hoy.es\/wp-content\/uploads\/sites\/45\/2018\/06\/2018-06-Valdelacalzada.jpg 452w\" sizes=\"(max-width: 212px) 100vw, 212px\" \/><\/a>Tendr\u00e1 todos los ingredientes para ser una buena concentraci\u00f3n motera, fiesta, rutas, amigos moteros, conciertos, sorteos&#8230; s\u00f3lo falta un ingrediente &#8220;los moteros&#8221;, as\u00ed que no te lo pienses y a disfrutar del fin de semana.<\/p>\n<p>En el cartel tienes disponible todo lo que podr\u00e1s encontrar en ella, con dos inscripciones diferentes, una de 15\u20ac para s\u00e1bado y domingo, y otra de 8\u20ac de domingo. En la primera te entra cena, desayuno, comida y una consumici\u00f3n, en la opci\u00f3n de domingo, comida y consumici\u00f3n.<\/p>\n<p>La fiesta comenzar\u00e1 el s\u00e1bado con ruta a las 12 horas, por los pueblos de alrededor, parada en &#8220;Bar la Fonda&#8221;, de la Plaza de Valdelacalzada, seguidamente en &#8220;Bar Cano&#8221;, en ambos con aperitivos gratis. Despu\u00e9s rumbo a la acampada para disfrutar del concierto del grupo musical &#8220;The PlayMouth&#8221;, concursos&#8230; y por la noche Dj con animaci\u00f3n.<\/p>\n<p>El domingo iniciar\u00e1 con desayuno en la zona de acampada, y a las 11h, ruta con parada en Puebla de la Calzada &#8220;Sal\u00f3n de juegos Bar el Sitio&#8221;, con \u00a1<strong>Jam\u00f3n y cerveza gratis<\/strong>!, la ruta continuar\u00e1 para llegar a la Plaza de Valdelacalzada con aperitivos gratis en &#8220;Bar Obrero&#8221;, para finalizar en la zona de acampada de Valdelacalzada.<\/p>\n<p>En definitiva, un fin de semana motero. Aprovecha el buen tiempo que nos est\u00e1 acompa\u00f1ando y disfruta del evento.<\/p>\n<p>Saludos y r\u00e1fagas.<\/p>\n<!-- AddThis Advanced Settings generic via filter on the_content --><!-- AddThis Share Buttons generic via filter on the_content -->","protected":false},"excerpt":{"rendered":"<p>Bajo el t\u00edtulo de &#8220;I Concentraci\u00f3n motera La Vara&#8221;, tendremos para el fin de semana del\u00a09 y 10 de junio un evento motero en Valdelacalzada. Tendr\u00e1 todos los ingredientes para ser una buena concentraci\u00f3n motera, fiesta, rutas, amigos moteros, conciertos, sorteos&#8230; s\u00f3lo falta un ingrediente &#8220;los moteros&#8221;, as\u00ed que no te lo pienses y a [&hellip;]<!-- AddThis Advanced Settings generic via filter on get_the_excerpt --><!-- AddThis Share Buttons generic via filter on get_the_excerpt --><\/p>\n","protected":false},"author":49,"featured_media":0,"comment_status":"open","ping_status":"closed","sticky":false,"template":"","format":"standard","meta":[],"categories":[13,1],"tags":[1194,622,1193],"_links":{"self":[{"href":"https:\/\/blogs.hoy.es\/moterosdehoy\/wp-json\/wp\/v2\/posts\/2484"}],"collection":[{"href":"https:\/\/blogs.hoy.es\/moterosdehoy\/wp-json\/wp\/v2\/posts"}],"about":[{"href":"https:\/\/blogs.hoy.es\/moterosdehoy\/wp-json\/wp\/v2\/types\/post"}],"author":[{"embeddable":true,"href":"https:\/\/blogs.hoy.es\/moterosdehoy\/wp-json\/wp\/v2\/users\/49"}],"replies":[{"embeddable":true,"href":"https:\/\/blogs.hoy.es\/moterosdehoy\/wp-json\/wp\/v2\/comments?post=2484"}],"version-history":[{"count":6,"href":"https:\/\/blogs.hoy.es\/moterosdehoy\/wp-json\/wp\/v2\/posts\/2484\/revisions"}],"predecessor-version":[{"id":2491,"href":"https:\/\/blogs.hoy.es\/moterosdehoy\/wp-json\/wp\/v2\/posts\/2484\/revisions\/2491"}],"wp:attachment":[{"href":"https:\/\/blogs.hoy.es\/moterosdehoy\/wp-json\/wp\/v2\/media?parent=2484"}],"wp:term":[{"taxonomy":"category","embeddable":true,"href":"https:\/\/blogs.hoy.es\/moterosdehoy\/wp-json\/wp\/v2\/categories?post=2484"},{"taxonomy":"post_tag","embeddable":true,"href":"https:\/\/blogs.hoy.es\/moterosdehoy\/wp-json\/wp\/v2\/tags?post=2484"}],"curies":[{"name":"wp","href":"https:\/\/api.w.org\/{rel}","templated":true}]}}