{"id":2502,"date":"2018-06-12T16:27:27","date_gmt":"2018-06-12T16:27:27","guid":{"rendered":"http:\/\/blogs.hoy.es\/moterosdehoy\/?p=2502"},"modified":"2022-06-01T15:49:07","modified_gmt":"2022-06-01T15:49:07","slug":"xxiii-concentracion-nacional-de-motos-el-ciervo-alado-deliada","status":"publish","type":"post","link":"https:\/\/blogs.hoy.es\/moterosdehoy\/2018\/06\/12\/xxiii-concentracion-nacional-de-motos-el-ciervo-alado-deliada\/","title":{"rendered":"XXIII Concentraci\u00f3n nacional de motos El Ciervo Alado Deliada"},"content":{"rendered":"<h3>Los d\u00edas 16 y 17 de junio, tenemos la vig\u00e9sima tercera concentraci\u00f3n del moto club \u201cEl Ciervo Alado Deliada\u201d<\/h3>\n<p><a href=\"https:\/\/static-blogs.hoy.es\/wp-content\/uploads\/sites\/45\/2018\/06\/2018-06-Herrera-del-Duque-3.jpg\"><img loading=\"lazy\" class=\"alignleft size-medium wp-image-2503\" src=\"https:\/\/static-blogs.hoy.es\/wp-content\/uploads\/sites\/45\/2018\/06\/2018-06-Herrera-del-Duque-3-219x300.jpg\" alt=\"2018-06-herrera-del-duque-3\" width=\"219\" height=\"300\" srcset=\"https:\/\/static-blogs.hoy.es\/wp-content\/uploads\/sites\/45\/2018\/06\/2018-06-Herrera-del-Duque-3-219x300.jpg 219w, https:\/\/static-blogs.hoy.es\/wp-content\/uploads\/sites\/45\/2018\/06\/2018-06-Herrera-del-Duque-3.jpg 289w\" sizes=\"(max-width: 219px) 100vw, 219px\" \/><\/a>El moto club \u201cEl Ciervo Alado \u2013 Deliada\u201d de\u00a0<strong><a title=\"Herrera del Duque en wikipedia\" href=\"http:\/\/es.wikipedia.org\/wiki\/Herrera_del_Duque\" target=\"_blank\" rel=\"external nofollow\">Herrera del Duque<\/a><\/strong>\u00a0(Badajoz) nos tiene preparada su XXIII Concentraci\u00f3n Nacional de Motos. Como en ediciones anteriores ser\u00e1\u00a0en su localidad.\u00a0<span id=\"more-2223\"><\/span><\/p>\n<div id=\"attachment_1139\">\n<p>Habr\u00e1 dos\u00a0<strong>inscripciones 16\u20ac para\u00a0s\u00e1bado y domingo y 12+1\u20ac para solo domingo<\/strong>. Con ellas obtendr\u00e1s una bolsa de bienvenida con camiseta, llavero, pegatina, tickets de consumici\u00f3n, publicidad&#8230; Tambi\u00e9n est\u00e1 disponible\u00a0la opci\u00f3n de alojarte all\u00ed, si est\u00e1s interesado contacta con ellos o si no los localizas env\u00eda por aqu\u00ed alg\u00fan mensaje de ayuda.<\/p>\n<p>Adjunto una fotograf\u00eda que detalla todo el programa,\u00a0haz clic sobre la imagen y lo ver\u00e1s ampliado. Todo comenzar\u00e1 el\u00a0s\u00e1bado a las 18 horas, y se alargar\u00e1 hasta el domingo bien entrada la tarde, que se realizar\u00e1 la despedida y cierre de la concentraci\u00f3n.<a href=\"https:\/\/static-blogs.hoy.es\/wp-content\/uploads\/sites\/45\/2018\/06\/2018-06-Herrera-del-Duque.jpg\"><img loading=\"lazy\" class=\"alignright size-medium wp-image-2504\" src=\"https:\/\/static-blogs.hoy.es\/wp-content\/uploads\/sites\/45\/2018\/06\/2018-06-Herrera-del-Duque-300x212.jpg\" alt=\"2018-06-herrera-del-duque\" width=\"300\" height=\"212\" srcset=\"https:\/\/static-blogs.hoy.es\/wp-content\/uploads\/sites\/45\/2018\/06\/2018-06-Herrera-del-Duque-300x212.jpg 300w, https:\/\/static-blogs.hoy.es\/wp-content\/uploads\/sites\/45\/2018\/06\/2018-06-Herrera-del-Duque-768x542.jpg 768w, https:\/\/static-blogs.hoy.es\/wp-content\/uploads\/sites\/45\/2018\/06\/2018-06-Herrera-del-Duque.jpg 960w\" sizes=\"(max-width: 300px) 100vw, 300px\" \/><\/a><\/p>\n<p>Herrera del Duque es una localidad de Extremadura situada a algo menos de 140km de la Capital auton\u00f3mica, unos 150km de C\u00e1ceres y algo m\u00e1s de 190 de Badajoz, su capital de provincia.<\/p>\n<p>No lo dudes y acude a\u00a0disfrutar de un buen fin de semana motero. En el entorno de la localidad hay muy buenas carreteras para nuestras m\u00e1quinas, tanto por el buen asfalto, como por el paisaje y las curvitas.<\/p>\n<\/div>\n<p>Saludos y r\u00e1fagas.<\/p>\n<!-- AddThis Advanced Settings generic via filter on the_content --><!-- AddThis Share Buttons generic via filter on the_content -->","protected":false},"excerpt":{"rendered":"<p>Los d\u00edas 16 y 17 de junio, tenemos la vig\u00e9sima tercera concentraci\u00f3n del moto club \u201cEl Ciervo Alado Deliada\u201d El moto club \u201cEl Ciervo Alado \u2013 Deliada\u201d de\u00a0Herrera del Duque\u00a0(Badajoz) nos tiene preparada su XXIII Concentraci\u00f3n Nacional de Motos. Como en ediciones anteriores ser\u00e1\u00a0en su localidad.\u00a0 Habr\u00e1 dos\u00a0inscripciones 16\u20ac para\u00a0s\u00e1bado y domingo y 12+1\u20ac para [&hellip;]<!-- AddThis Advanced Settings generic via filter on get_the_excerpt --><!-- AddThis Share Buttons generic via filter on get_the_excerpt --><\/p>\n","protected":false},"author":49,"featured_media":0,"comment_status":"open","ping_status":"closed","sticky":false,"template":"","format":"standard","meta":[],"categories":[13],"tags":[194,358,382,1077,622,664,1198],"_links":{"self":[{"href":"https:\/\/blogs.hoy.es\/moterosdehoy\/wp-json\/wp\/v2\/posts\/2502"}],"collection":[{"href":"https:\/\/blogs.hoy.es\/moterosdehoy\/wp-json\/wp\/v2\/posts"}],"about":[{"href":"https:\/\/blogs.hoy.es\/moterosdehoy\/wp-json\/wp\/v2\/types\/post"}],"author":[{"embeddable":true,"href":"https:\/\/blogs.hoy.es\/moterosdehoy\/wp-json\/wp\/v2\/users\/49"}],"replies":[{"embeddable":true,"href":"https:\/\/blogs.hoy.es\/moterosdehoy\/wp-json\/wp\/v2\/comments?post=2502"}],"version-history":[{"count":1,"href":"https:\/\/blogs.hoy.es\/moterosdehoy\/wp-json\/wp\/v2\/posts\/2502\/revisions"}],"predecessor-version":[{"id":2505,"href":"https:\/\/blogs.hoy.es\/moterosdehoy\/wp-json\/wp\/v2\/posts\/2502\/revisions\/2505"}],"wp:attachment":[{"href":"https:\/\/blogs.hoy.es\/moterosdehoy\/wp-json\/wp\/v2\/media?parent=2502"}],"wp:term":[{"taxonomy":"category","embeddable":true,"href":"https:\/\/blogs.hoy.es\/moterosdehoy\/wp-json\/wp\/v2\/categories?post=2502"},{"taxonomy":"post_tag","embeddable":true,"href":"https:\/\/blogs.hoy.es\/moterosdehoy\/wp-json\/wp\/v2\/tags?post=2502"}],"curies":[{"name":"wp","href":"https:\/\/api.w.org\/{rel}","templated":true}]}}