{"id":2508,"date":"2018-06-12T22:53:13","date_gmt":"2018-06-12T22:53:13","guid":{"rendered":"http:\/\/blogs.hoy.es\/moterosdehoy\/?p=2508"},"modified":"2022-06-01T15:48:59","modified_gmt":"2022-06-01T15:48:59","slug":"convivencia-motera-en-alvarado-2018","status":"publish","type":"post","link":"https:\/\/blogs.hoy.es\/moterosdehoy\/2018\/06\/12\/convivencia-motera-en-alvarado-2018\/","title":{"rendered":"Convivencia motera en Alvarado 2018"},"content":{"rendered":"<p>El <strong>domingo 17 de junio<\/strong> tendr\u00e1 lugar la novena convivencia motera en\u00a0<strong><a href=\"https:\/\/es.wikipedia.org\/wiki\/Alvarado_(Badajoz)\" target=\"_blank\" rel=\"external nofollow\">Alvarado<\/a>\u00a0(Badajoz)<\/strong>.<\/p>\n<p><a href=\"https:\/\/static-blogs.hoy.es\/wp-content\/uploads\/sites\/45\/2018\/06\/2018-06-Alvarado.jpg\"><img loading=\"lazy\" class=\"alignleft size-medium wp-image-2511\" src=\"https:\/\/static-blogs.hoy.es\/wp-content\/uploads\/sites\/45\/2018\/06\/2018-06-Alvarado-212x300.jpg\" alt=\"2018-06-alvarado\" width=\"212\" height=\"300\" srcset=\"https:\/\/static-blogs.hoy.es\/wp-content\/uploads\/sites\/45\/2018\/06\/2018-06-Alvarado-212x300.jpg 212w, https:\/\/static-blogs.hoy.es\/wp-content\/uploads\/sites\/45\/2018\/06\/2018-06-Alvarado.jpg 679w\" sizes=\"(max-width: 212px) 100vw, 212px\" \/><\/a>Una vez m\u00e1s de la mano de Los Torremotos, que llevan meses trabajando para que como en ediciones anteriores la convivencia sea un \u00e9xito y pueda disfrutarla todo el que aparezca. Como se puede ver en el propio cartel hay muchos colaboradores, que todos han aportado algo para conseguir que la comida sea gratuita para los asistentes.<span id=\"more-2209\"><\/span><\/p>\n<p>PROGRAMA:<\/p>\n<p>\u2013 10:00h.\u00a0<strong>DESAYUNO<\/strong>\u00a0en Mes\u00f3n el Sitio (Alvarado)<\/p>\n<p>\u2013 11:00h.\u00a0<strong>RUTA<\/strong>\u00a0de unos 70 km, Alvarado, Corte de Peleas, Villalba de los Barros, Santa Marta, La Albuera. Con\u00a0parada en el Bar \u201cCecilio\u201d donde habr\u00e1 un refrigerio, antes de continuar hasta Alvarado, donde finalizar\u00e1\u00a0la ruta sobre las 13:00 h.<\/p>\n<p>\u2013\u00a0<strong>COMIDA<\/strong>, ser\u00e1 al lado del Bar de \u201cGuille\u201d donde habr\u00e1 comida variada, vino, calimocho y cerveza hasta agotar existencia TOTALMENTE GRATIS.<\/p>\n<p>Adem\u00e1s para amenizar la tarde estar\u00e1 la actuaci\u00f3n del grupo The PlayMouth.<\/p>\n<p>Es\u00a0<strong>importante<\/strong>\u00a0que record\u00e9is llevar algo,\u00a0habr\u00e1 recogida de alimentos \u201c<strong>KILO SOLIDARIO<\/strong>\u201c, en \u00e9sta ocasi\u00f3n ser\u00e1 para la Parroquia Jes\u00fas Obrero, de Badajoz. Colabora aportando alimentos no perecederos como aceites, legumbres, pasta, azucar\u2026<\/p>\n<p>Los m\u00e1s madrugadores dir\u00e1n que el desayuno comienza tarde, pero tener en cuenta que la mayor\u00eda de los asistentes se desplazar\u00e1n desde fuera, por lo que da tiempo a que pueda llegar el personal.<\/p>\n<p>Alvarado es una peque\u00f1a pedan\u00eda de Badajoz que por cercan\u00eda a la ciudad poco a poco va aumentando de habitantes a\u00f1o tras a\u00f1o, en el censo del 2017 hab\u00eda 409 habitantes, que seguro se ver\u00e1n como m\u00ednimo duplicados durante el domingo del evento.<\/p>\n<p>Saludos y r\u00e1fagas.<\/p>\n<!-- AddThis Advanced Settings generic via filter on the_content --><!-- AddThis Share Buttons generic via filter on the_content -->","protected":false},"excerpt":{"rendered":"<p>El domingo 17 de junio tendr\u00e1 lugar la novena convivencia motera en\u00a0Alvarado\u00a0(Badajoz). Una vez m\u00e1s de la mano de Los Torremotos, que llevan meses trabajando para que como en ediciones anteriores la convivencia sea un \u00e9xito y pueda disfrutarla todo el que aparezca. Como se puede ver en el propio cartel hay muchos colaboradores, que [&hellip;]<!-- AddThis Advanced Settings generic via filter on get_the_excerpt --><!-- AddThis Share Buttons generic via filter on get_the_excerpt --><\/p>\n","protected":false},"author":49,"featured_media":0,"comment_status":"open","ping_status":"closed","sticky":false,"template":"","format":"standard","meta":[],"categories":[13],"tags":[1200,1199,622,674],"_links":{"self":[{"href":"https:\/\/blogs.hoy.es\/moterosdehoy\/wp-json\/wp\/v2\/posts\/2508"}],"collection":[{"href":"https:\/\/blogs.hoy.es\/moterosdehoy\/wp-json\/wp\/v2\/posts"}],"about":[{"href":"https:\/\/blogs.hoy.es\/moterosdehoy\/wp-json\/wp\/v2\/types\/post"}],"author":[{"embeddable":true,"href":"https:\/\/blogs.hoy.es\/moterosdehoy\/wp-json\/wp\/v2\/users\/49"}],"replies":[{"embeddable":true,"href":"https:\/\/blogs.hoy.es\/moterosdehoy\/wp-json\/wp\/v2\/comments?post=2508"}],"version-history":[{"count":2,"href":"https:\/\/blogs.hoy.es\/moterosdehoy\/wp-json\/wp\/v2\/posts\/2508\/revisions"}],"predecessor-version":[{"id":2512,"href":"https:\/\/blogs.hoy.es\/moterosdehoy\/wp-json\/wp\/v2\/posts\/2508\/revisions\/2512"}],"wp:attachment":[{"href":"https:\/\/blogs.hoy.es\/moterosdehoy\/wp-json\/wp\/v2\/media?parent=2508"}],"wp:term":[{"taxonomy":"category","embeddable":true,"href":"https:\/\/blogs.hoy.es\/moterosdehoy\/wp-json\/wp\/v2\/categories?post=2508"},{"taxonomy":"post_tag","embeddable":true,"href":"https:\/\/blogs.hoy.es\/moterosdehoy\/wp-json\/wp\/v2\/tags?post=2508"}],"curies":[{"name":"wp","href":"https:\/\/api.w.org\/{rel}","templated":true}]}}