{"id":2517,"date":"2018-06-18T17:17:44","date_gmt":"2018-06-18T17:17:44","guid":{"rendered":"http:\/\/blogs.hoy.es\/moterosdehoy\/?p=2517"},"modified":"2022-06-01T15:48:43","modified_gmt":"2022-06-01T15:48:43","slug":"ruta-motera-en-jaraicejo","status":"publish","type":"post","link":"https:\/\/blogs.hoy.es\/moterosdehoy\/2018\/06\/18\/ruta-motera-en-jaraicejo\/","title":{"rendered":"Ruta motera en Jaraicejo"},"content":{"rendered":"<p>El Ayuntamiento de <a href=\"https:\/\/es.wikipedia.org\/wiki\/Jaraicejo\" rel=\"external nofollow\">Jaraicejo<\/a> (C\u00e1ceres) nos ha preparado una ruta motera para el 24 de junio, y con un bonito trasfondo, recordar a David, conocido en el mundo motero por &#8220;Guripa&#8221; y que s\u00f3lo podr\u00e1 acompa\u00f1ar la ruta desde el cielo.<\/p>\n<p><a href=\"https:\/\/static-blogs.hoy.es\/wp-content\/uploads\/sites\/45\/2018\/06\/2018-06-Jaraicejo.jpg\"><img loading=\"lazy\" class=\"alignleft size-medium wp-image-2520\" src=\"https:\/\/static-blogs.hoy.es\/wp-content\/uploads\/sites\/45\/2018\/06\/2018-06-Jaraicejo-207x300.jpg\" alt=\"2018-06-jaraicejo\" width=\"207\" height=\"300\" srcset=\"https:\/\/static-blogs.hoy.es\/wp-content\/uploads\/sites\/45\/2018\/06\/2018-06-Jaraicejo-207x300.jpg 207w, https:\/\/static-blogs.hoy.es\/wp-content\/uploads\/sites\/45\/2018\/06\/2018-06-Jaraicejo.jpg 540w\" sizes=\"(max-width: 207px) 100vw, 207px\" \/><\/a>Un bonito detalle para el que se han unido vecinos y agrupaciones moteras, para llevarle a cabo un homenaje.<\/p>\n<p>Para ello se reunir\u00e1n en la Plaza de la Constituci\u00f3n de Jaraicejo sobre las 10:30, para salir de ruta sobre las 11 horas, habr\u00e1 picoteo, comida, ba\u00f1o en la piscina municipal para aplacar la calor y fin de fiesta con DJ.<\/p>\n<p>Jaraicejo es una peque\u00f1a localidad de C\u00e1ceres que roza los quinientos habitantes y ese d\u00eda es cap\u00e1z de duplicarlos.<\/p>\n<p>No lo dudes ya acude a pasar un buen rato rodeado de amigos.<\/p>\n<p>Saludos y r\u00e1fagas.<\/p>\n<!-- AddThis Advanced Settings generic via filter on the_content --><!-- AddThis Share Buttons generic via filter on the_content -->","protected":false},"excerpt":{"rendered":"<p>El Ayuntamiento de Jaraicejo (C\u00e1ceres) nos ha preparado una ruta motera para el 24 de junio, y con un bonito trasfondo, recordar a David, conocido en el mundo motero por &#8220;Guripa&#8221; y que s\u00f3lo podr\u00e1 acompa\u00f1ar la ruta desde el cielo. Un bonito detalle para el que se han unido vecinos y agrupaciones moteras, para [&hellip;]<!-- AddThis Advanced Settings generic via filter on get_the_excerpt --><!-- AddThis Share Buttons generic via filter on get_the_excerpt --><\/p>\n","protected":false},"author":49,"featured_media":0,"comment_status":"open","ping_status":"closed","sticky":false,"template":"","format":"standard","meta":[],"categories":[13,1],"tags":[1204,1206,1205,618,622,664],"_links":{"self":[{"href":"https:\/\/blogs.hoy.es\/moterosdehoy\/wp-json\/wp\/v2\/posts\/2517"}],"collection":[{"href":"https:\/\/blogs.hoy.es\/moterosdehoy\/wp-json\/wp\/v2\/posts"}],"about":[{"href":"https:\/\/blogs.hoy.es\/moterosdehoy\/wp-json\/wp\/v2\/types\/post"}],"author":[{"embeddable":true,"href":"https:\/\/blogs.hoy.es\/moterosdehoy\/wp-json\/wp\/v2\/users\/49"}],"replies":[{"embeddable":true,"href":"https:\/\/blogs.hoy.es\/moterosdehoy\/wp-json\/wp\/v2\/comments?post=2517"}],"version-history":[{"count":2,"href":"https:\/\/blogs.hoy.es\/moterosdehoy\/wp-json\/wp\/v2\/posts\/2517\/revisions"}],"predecessor-version":[{"id":2521,"href":"https:\/\/blogs.hoy.es\/moterosdehoy\/wp-json\/wp\/v2\/posts\/2517\/revisions\/2521"}],"wp:attachment":[{"href":"https:\/\/blogs.hoy.es\/moterosdehoy\/wp-json\/wp\/v2\/media?parent=2517"}],"wp:term":[{"taxonomy":"category","embeddable":true,"href":"https:\/\/blogs.hoy.es\/moterosdehoy\/wp-json\/wp\/v2\/categories?post=2517"},{"taxonomy":"post_tag","embeddable":true,"href":"https:\/\/blogs.hoy.es\/moterosdehoy\/wp-json\/wp\/v2\/tags?post=2517"}],"curies":[{"name":"wp","href":"https:\/\/api.w.org\/{rel}","templated":true}]}}