{"id":2525,"date":"2018-06-22T18:26:01","date_gmt":"2018-06-22T18:26:01","guid":{"rendered":"http:\/\/blogs.hoy.es\/moterosdehoy\/?p=2525"},"modified":"2022-06-01T15:48:29","modified_gmt":"2022-06-01T15:48:29","slug":"ela-existe-conocela","status":"publish","type":"post","link":"https:\/\/blogs.hoy.es\/moterosdehoy\/2018\/06\/22\/ela-existe-conocela\/","title":{"rendered":"ELA existe con\u00f3cELA"},"content":{"rendered":"<h2>El 21 de junio es el d\u00eda mundial contra la ELA.<\/h2>\n<p><a href=\"https:\/\/static-blogs.hoy.es\/wp-content\/uploads\/sites\/45\/2018\/06\/8312bbac-a500-4a8a-9386-3c02d7f4db41.jpg\"><img loading=\"lazy\" class=\"alignleft size-medium wp-image-2526\" src=\"https:\/\/static-blogs.hoy.es\/wp-content\/uploads\/sites\/45\/2018\/06\/8312bbac-a500-4a8a-9386-3c02d7f4db41-300x210.jpg\" alt=\"8312bbac-a500-4a8a-9386-3c02d7f4db41\" width=\"300\" height=\"210\" srcset=\"https:\/\/static-blogs.hoy.es\/wp-content\/uploads\/sites\/45\/2018\/06\/8312bbac-a500-4a8a-9386-3c02d7f4db41-300x210.jpg 300w, https:\/\/static-blogs.hoy.es\/wp-content\/uploads\/sites\/45\/2018\/06\/8312bbac-a500-4a8a-9386-3c02d7f4db41-768x536.jpg 768w, https:\/\/static-blogs.hoy.es\/wp-content\/uploads\/sites\/45\/2018\/06\/8312bbac-a500-4a8a-9386-3c02d7f4db41.jpg 829w\" sizes=\"(max-width: 300px) 100vw, 300px\" \/><\/a>La Esclerosis Lateral Amiotr\u00f3fica (<a href=\"http:\/\/www.plataformaafectadosela.org\/acerca-de\/\" rel=\"external nofollow\">ELA<\/a>) es una enfermedad neuromuscular que cursa con una degeneraci\u00f3n selectiva de las motoneuronas , las encargadas de innervar los m\u00fasculos implicados en el movimiento voluntario.<\/p>\n<p>En <a href=\"https:\/\/www.aytobadajoz.es\/es\/ayto\/portada\" rel=\"external nofollow\">Badajoz<\/a> el colectivo motero se ha volcado con la Asociaci\u00f3n ELA <a href=\"http:\/\/www.turismoextremadura.com\/\" rel=\"external nofollow\">Extremadura<\/a>, para apoyarlos en su labor de hacerse ver.<\/p>\n<p>Ojal\u00e1 pronto se encuentren tratamientos, no queremos seguir perdiendo seres queridos, y quien sabe&#8230;<\/p>\n<p>Os dejo un v\u00eddeo del <a href=\"https:\/\/youtu.be\/VFOPQuGYry4\" rel=\"external nofollow\">transcurso de la quedada por Badajoz<\/a>.<\/p>\n<p>Saludos y r\u00e1fagas.<\/p>\n<!-- AddThis Advanced Settings generic via filter on the_content --><!-- AddThis Share Buttons generic via filter on the_content -->","protected":false},"excerpt":{"rendered":"<p>El 21 de junio es el d\u00eda mundial contra la ELA. La Esclerosis Lateral Amiotr\u00f3fica (ELA) es una enfermedad neuromuscular que cursa con una degeneraci\u00f3n selectiva de las motoneuronas , las encargadas de innervar los m\u00fasculos implicados en el movimiento voluntario. En Badajoz el colectivo motero se ha volcado con la Asociaci\u00f3n ELA Extremadura, para [&hellip;]<!-- AddThis Advanced Settings generic via filter on get_the_excerpt --><!-- AddThis Share Buttons generic via filter on get_the_excerpt --><\/p>\n","protected":false},"author":49,"featured_media":0,"comment_status":"open","ping_status":"closed","sticky":false,"template":"","format":"standard","meta":[],"categories":[13],"tags":[1211,87,328,1210,382,622],"_links":{"self":[{"href":"https:\/\/blogs.hoy.es\/moterosdehoy\/wp-json\/wp\/v2\/posts\/2525"}],"collection":[{"href":"https:\/\/blogs.hoy.es\/moterosdehoy\/wp-json\/wp\/v2\/posts"}],"about":[{"href":"https:\/\/blogs.hoy.es\/moterosdehoy\/wp-json\/wp\/v2\/types\/post"}],"author":[{"embeddable":true,"href":"https:\/\/blogs.hoy.es\/moterosdehoy\/wp-json\/wp\/v2\/users\/49"}],"replies":[{"embeddable":true,"href":"https:\/\/blogs.hoy.es\/moterosdehoy\/wp-json\/wp\/v2\/comments?post=2525"}],"version-history":[{"count":1,"href":"https:\/\/blogs.hoy.es\/moterosdehoy\/wp-json\/wp\/v2\/posts\/2525\/revisions"}],"predecessor-version":[{"id":2527,"href":"https:\/\/blogs.hoy.es\/moterosdehoy\/wp-json\/wp\/v2\/posts\/2525\/revisions\/2527"}],"wp:attachment":[{"href":"https:\/\/blogs.hoy.es\/moterosdehoy\/wp-json\/wp\/v2\/media?parent=2525"}],"wp:term":[{"taxonomy":"category","embeddable":true,"href":"https:\/\/blogs.hoy.es\/moterosdehoy\/wp-json\/wp\/v2\/categories?post=2525"},{"taxonomy":"post_tag","embeddable":true,"href":"https:\/\/blogs.hoy.es\/moterosdehoy\/wp-json\/wp\/v2\/tags?post=2525"}],"curies":[{"name":"wp","href":"https:\/\/api.w.org\/{rel}","templated":true}]}}