{"id":2532,"date":"2018-06-27T17:48:26","date_gmt":"2018-06-27T17:48:26","guid":{"rendered":"http:\/\/blogs.hoy.es\/moterosdehoy\/?p=2532"},"modified":"2022-06-01T15:48:21","modified_gmt":"2022-06-01T15:48:21","slug":"iii-concentracion-motera-carretera-y-manta","status":"publish","type":"post","link":"https:\/\/blogs.hoy.es\/moterosdehoy\/2018\/06\/27\/iii-concentracion-motera-carretera-y-manta\/","title":{"rendered":"III Concentraci\u00f3n motera carretera y manta"},"content":{"rendered":"<p>La pe\u00f1a motera carretera y manta, nos ha preparado su tercera concentraci\u00f3n motera, de nuevo en su localidad\u00a0<a href=\"https:\/\/es.wikipedia.org\/wiki\/Puebla_de_Obando\" rel=\"external nofollow\">Puebla de Obando<\/a>\u00a0(Badajoz), y tendr\u00e1 lugar los d\u00edas 30 de junio y 1 de julio.<\/p>\n<p><a href=\"https:\/\/static-blogs.hoy.es\/wp-content\/uploads\/sites\/45\/2018\/06\/2018-06-Puebla-de-Obando.jpg\"><img loading=\"lazy\" class=\"alignleft size-medium wp-image-2533\" src=\"https:\/\/static-blogs.hoy.es\/wp-content\/uploads\/sites\/45\/2018\/06\/2018-06-Puebla-de-Obando-213x300.jpg\" alt=\"2018-06-puebla-de-obando\" width=\"213\" height=\"300\" srcset=\"https:\/\/static-blogs.hoy.es\/wp-content\/uploads\/sites\/45\/2018\/06\/2018-06-Puebla-de-Obando-213x300.jpg 213w, https:\/\/static-blogs.hoy.es\/wp-content\/uploads\/sites\/45\/2018\/06\/2018-06-Puebla-de-Obando.jpg 682w\" sizes=\"(max-width: 213px) 100vw, 213px\" \/><\/a>Ya el a\u00f1o pasado tuvo lugar en el recinto ferial donde nuevamente se ha habilitado zona de acampada con ba\u00f1os y duchas, totalmente gratis.\u00a0Gracias a la colaboraci\u00f3n del Excmo.\u00a0<a href=\"http:\/\/www.puebladeobando.es\/\" rel=\"external nofollow\">Ayuntamiento de Puebla de Obando<\/a>\u00a0pueden disponer de la zona de acampada, y pueden ofrecer\u00a0precios econ\u00f3micos. Adem\u00e1s habr\u00e1 sorteos y regalos para los inscritos.<\/p>\n<p>El punto fuerte del s\u00e1bado ser\u00e1 a las 19 horas, con la exhibici\u00f3n de stunt de Luis Nino, que seguir\u00e1 con m\u00fasica de DJ, y habr\u00e1 precios econ\u00f3micos en las copas, todo pensado para pasar un buen rato y despreocuparse de tener que conducir.<\/p>\n<p>En la ma\u00f1ana del domingo habr\u00e1 una peque\u00f1a ruta que tendr\u00e1 una parada para picar algo en La Roca de la Sierra.<\/p>\n<p>La inscripci\u00f3n ser\u00e1 de 10\u20ac para s\u00e1bado y domingo, y de 5\u20ac para s\u00f3lo uno de los d\u00edas, que se podr\u00e1n obtener en el mismo lugar de la concentraci\u00f3n a partir de las 18 horas del s\u00e1bado.<\/p>\n<p>No lo dudes y acude a pasar un buen fin de semana entre amigos. La localidad de Puebla de Obando se encuentra casi a medio camino entre Badajoz y C\u00e1ceres. A 48 km de Badajoz y 58 de C\u00e1ceres, lo que facilitar\u00e1 que acudan moteros de ambas capitales, sin contar el resto de puntos de toda la regi\u00f3n.<\/p>\n<p>Saludos y r\u00e1fagas.<\/p>\n<!-- AddThis Advanced Settings generic via filter on the_content --><!-- AddThis Share Buttons generic via filter on the_content -->","protected":false},"excerpt":{"rendered":"<p>La pe\u00f1a motera carretera y manta, nos ha preparado su tercera concentraci\u00f3n motera, de nuevo en su localidad\u00a0Puebla de Obando\u00a0(Badajoz), y tendr\u00e1 lugar los d\u00edas 30 de junio y 1 de julio. Ya el a\u00f1o pasado tuvo lugar en el recinto ferial donde nuevamente se ha habilitado zona de acampada con ba\u00f1os y duchas, totalmente [&hellip;]<!-- AddThis Advanced Settings generic via filter on get_the_excerpt --><!-- AddThis Share Buttons generic via filter on get_the_excerpt --><\/p>\n","protected":false},"author":49,"featured_media":0,"comment_status":"open","ping_status":"closed","sticky":false,"template":"","format":"standard","meta":[],"categories":[13],"tags":[382,618,622,664,1214,1215],"_links":{"self":[{"href":"https:\/\/blogs.hoy.es\/moterosdehoy\/wp-json\/wp\/v2\/posts\/2532"}],"collection":[{"href":"https:\/\/blogs.hoy.es\/moterosdehoy\/wp-json\/wp\/v2\/posts"}],"about":[{"href":"https:\/\/blogs.hoy.es\/moterosdehoy\/wp-json\/wp\/v2\/types\/post"}],"author":[{"embeddable":true,"href":"https:\/\/blogs.hoy.es\/moterosdehoy\/wp-json\/wp\/v2\/users\/49"}],"replies":[{"embeddable":true,"href":"https:\/\/blogs.hoy.es\/moterosdehoy\/wp-json\/wp\/v2\/comments?post=2532"}],"version-history":[{"count":1,"href":"https:\/\/blogs.hoy.es\/moterosdehoy\/wp-json\/wp\/v2\/posts\/2532\/revisions"}],"predecessor-version":[{"id":2534,"href":"https:\/\/blogs.hoy.es\/moterosdehoy\/wp-json\/wp\/v2\/posts\/2532\/revisions\/2534"}],"wp:attachment":[{"href":"https:\/\/blogs.hoy.es\/moterosdehoy\/wp-json\/wp\/v2\/media?parent=2532"}],"wp:term":[{"taxonomy":"category","embeddable":true,"href":"https:\/\/blogs.hoy.es\/moterosdehoy\/wp-json\/wp\/v2\/categories?post=2532"},{"taxonomy":"post_tag","embeddable":true,"href":"https:\/\/blogs.hoy.es\/moterosdehoy\/wp-json\/wp\/v2\/tags?post=2532"}],"curies":[{"name":"wp","href":"https:\/\/api.w.org\/{rel}","templated":true}]}}