{"id":2535,"date":"2018-06-28T17:57:56","date_gmt":"2018-06-28T17:57:56","guid":{"rendered":"http:\/\/blogs.hoy.es\/moterosdehoy\/?p=2535"},"modified":"2018-06-28T17:57:56","modified_gmt":"2018-06-28T17:57:56","slug":"iii-concentracion-motera-del-wolframio","status":"publish","type":"post","link":"https:\/\/blogs.hoy.es\/moterosdehoy\/2018\/06\/28\/iii-concentracion-motera-del-wolframio\/","title":{"rendered":"III Concentraci\u00f3n motera del Wolframio"},"content":{"rendered":"<p>Los d\u00edas 30 de junio y 1 de julio tendremos la tercera concentraci\u00f3n motera del wolframio, como las dos anteriores ser\u00e1 en el <a href=\"https:\/\/es.wikipedia.org\/wiki\/Valle_de_la_Serena\" rel=\"external nofollow\">Valle de la Serena<\/a> (Badajoz)<\/p>\n<p><a href=\"https:\/\/static-blogs.hoy.es\/wp-content\/uploads\/sites\/45\/2018\/06\/2018-06-Valle-de-la-Serena-.jpg\"><img loading=\"lazy\" class=\"alignleft size-medium wp-image-2536\" src=\"https:\/\/static-blogs.hoy.es\/wp-content\/uploads\/sites\/45\/2018\/06\/2018-06-Valle-de-la-Serena--217x300.jpg\" alt=\"2018-06-valle-de-la-serena\" width=\"217\" height=\"300\" srcset=\"https:\/\/static-blogs.hoy.es\/wp-content\/uploads\/sites\/45\/2018\/06\/2018-06-Valle-de-la-Serena--217x300.jpg 217w, https:\/\/static-blogs.hoy.es\/wp-content\/uploads\/sites\/45\/2018\/06\/2018-06-Valle-de-la-Serena-.jpg 693w\" sizes=\"(max-width: 217px) 100vw, 217px\" \/><\/a>La pe\u00f1a motera 06458 y la caseta Juyma, nos han organizado \u00e9ste tercer evento motero, apoyados por el Ayuntamiento de la propia localidad, por lo que se han conseguido inscripci\u00f3n a 0\u20ac, lo que de seguro atraer\u00e1 a muchos moteros.<\/p>\n<p>El s\u00e1bado d\u00eda 30, comenzar\u00e1 con apertura de inscripciones a las 12 del medio d\u00eda, donde los primeros 100 inscritos tendr\u00e1n una bolsa regalo. Continuar\u00e1 con degustaci\u00f3n de caldereta extreme\u00f1a y varias actividades, para llegar a Ruta Bar\u00edtima nocturna, y por supuesto m\u00fasica, actuaci\u00f3n de Aurelio Gallardo a partir de las 22:30, y DJ Rub\u00e9n \u00c1lvarez desde la media noche.<\/p>\n<p>El domingo comenzar\u00e1 a las 9, con apertura de inscripciones nuevamente y desayuno. Se realizar\u00e1 una foto de grupo e iniciar\u00e1 una ruta por la Serena, finalizando de nuevo en el Valle de la Serena donde tendr\u00e1 lugar la comida, con entrega de regalos y trofeos.<\/p>\n<p>Algunos os preguntar\u00e9is de d\u00f3nde viene el nombre de &#8220;Pe\u00f1a motera 06458&#8221;, pues lo de pe\u00f1a motera est\u00e1 claro, pero el nombre es extra\u00f1o, pues es extra\u00f1o para los de fuera de la localidad, los del Valle de la Serena lo utilizaban mucho cuando lo pon\u00edan en los remites de las cartas, cosa que cada vez hacemos menos.<\/p>\n<p>En definitiva una buena concentraci\u00f3n para pasar el fin de semana, l\u00e1stima que coincida con la de <a href=\"https:\/\/blogs.hoy.es\/moterosdehoy\/2018\/06\/27\/iii-concentracion-motera-carretera-y-manta\/\">Puebla de Obando<\/a>, las dos van por su tercera edici\u00f3n, eso har\u00e1 que muchos moteros se repartan.<\/p>\n<p><a href=\"https:\/\/www.facebook.com\/moterosdehoy\" rel=\"external nofollow\">Saludos y r\u00e1fagas<\/a>.<\/p>\n<!-- AddThis Advanced Settings generic via filter on the_content --><!-- AddThis Share Buttons generic via filter on the_content -->","protected":false},"excerpt":{"rendered":"<p>Los d\u00edas 30 de junio y 1 de julio tendremos la tercera concentraci\u00f3n motera del wolframio, como las dos anteriores ser\u00e1 en el Valle de la Serena (Badajoz) La pe\u00f1a motera 06458 y la caseta Juyma, nos han organizado \u00e9ste tercer evento motero, apoyados por el Ayuntamiento de la propia localidad, por lo que se [&hellip;]<!-- AddThis Advanced Settings generic via filter on get_the_excerpt --><!-- AddThis Share Buttons generic via filter on get_the_excerpt --><\/p>\n","protected":false},"author":49,"featured_media":0,"comment_status":"open","ping_status":"closed","sticky":false,"template":"","format":"standard","meta":[],"categories":[9,13],"tags":[382,618,622,664,758,1216],"_links":{"self":[{"href":"https:\/\/blogs.hoy.es\/moterosdehoy\/wp-json\/wp\/v2\/posts\/2535"}],"collection":[{"href":"https:\/\/blogs.hoy.es\/moterosdehoy\/wp-json\/wp\/v2\/posts"}],"about":[{"href":"https:\/\/blogs.hoy.es\/moterosdehoy\/wp-json\/wp\/v2\/types\/post"}],"author":[{"embeddable":true,"href":"https:\/\/blogs.hoy.es\/moterosdehoy\/wp-json\/wp\/v2\/users\/49"}],"replies":[{"embeddable":true,"href":"https:\/\/blogs.hoy.es\/moterosdehoy\/wp-json\/wp\/v2\/comments?post=2535"}],"version-history":[{"count":1,"href":"https:\/\/blogs.hoy.es\/moterosdehoy\/wp-json\/wp\/v2\/posts\/2535\/revisions"}],"predecessor-version":[{"id":2537,"href":"https:\/\/blogs.hoy.es\/moterosdehoy\/wp-json\/wp\/v2\/posts\/2535\/revisions\/2537"}],"wp:attachment":[{"href":"https:\/\/blogs.hoy.es\/moterosdehoy\/wp-json\/wp\/v2\/media?parent=2535"}],"wp:term":[{"taxonomy":"category","embeddable":true,"href":"https:\/\/blogs.hoy.es\/moterosdehoy\/wp-json\/wp\/v2\/categories?post=2535"},{"taxonomy":"post_tag","embeddable":true,"href":"https:\/\/blogs.hoy.es\/moterosdehoy\/wp-json\/wp\/v2\/tags?post=2535"}],"curies":[{"name":"wp","href":"https:\/\/api.w.org\/{rel}","templated":true}]}}