{"id":2538,"date":"2018-07-02T23:20:00","date_gmt":"2018-07-02T23:20:00","guid":{"rendered":"http:\/\/blogs.hoy.es\/moterosdehoy\/?p=2538"},"modified":"2022-06-01T15:48:14","modified_gmt":"2022-06-01T15:48:14","slug":"iv-aniversario-abutres-mc-caceres","status":"publish","type":"post","link":"https:\/\/blogs.hoy.es\/moterosdehoy\/2018\/07\/02\/iv-aniversario-abutres-mc-caceres\/","title":{"rendered":"IV Aniversario Abutre&#8217;s MC C\u00e1ceres"},"content":{"rendered":"<p>Del <strong>6 al 8 de julio<\/strong> tendr\u00e1 lugar el cuarto aniversario de <a href=\"http:\/\/Abutre's Spain P.C. Chappter Extremadura\" rel=\"external nofollow\">Abutre&#8217;s MC C\u00e1ceres<\/a>.<\/p>\n<p><a href=\"https:\/\/static-blogs.hoy.es\/wp-content\/uploads\/sites\/45\/2018\/07\/2018-07-C\u00e1ceres.jpg\"><img loading=\"lazy\" class=\"alignleft size-medium wp-image-2539\" src=\"https:\/\/static-blogs.hoy.es\/wp-content\/uploads\/sites\/45\/2018\/07\/2018-07-C\u00e1ceres-169x300.jpg\" alt=\"2018-07-caceres\" width=\"169\" height=\"300\" srcset=\"https:\/\/static-blogs.hoy.es\/wp-content\/uploads\/sites\/45\/2018\/07\/2018-07-C\u00e1ceres-169x300.jpg 169w, https:\/\/static-blogs.hoy.es\/wp-content\/uploads\/sites\/45\/2018\/07\/2018-07-C\u00e1ceres.jpg 540w\" sizes=\"(max-width: 169px) 100vw, 169px\" \/><\/a>Para los profanos en el tema o algo perdidos, Abutre&#8217;s\u00a0 MC es un club de motos, no un club cualquiera, es uno de los fuertes. Su nombre proviene de Brasil, pa\u00eds donde surgi\u00f3 all\u00e1 por el 1989 en S\u00e3o Paulo y donde hay m\u00e1s de 8500 miembros, siendo el MC m\u00e1s fuerte de all\u00ed, en otros pa\u00edses como el caso de Espa\u00f1a hay algunos miembros repartidos por cap\u00edtulos, en concreto a d\u00eda de hoy tienen diez cap\u00edtulos, son C\u00e1ceres, Huelva, Sevilla, Toledo, Yuncler,\u00a0 Madrid, Tarragona, Barcelona, Ourense, y Pontevedra.<a href=\"https:\/\/static-blogs.hoy.es\/wp-content\/uploads\/sites\/45\/2018\/07\/Abutres-Spain.jpg\"><img loading=\"lazy\" class=\"alignright size-medium wp-image-2540\" src=\"https:\/\/static-blogs.hoy.es\/wp-content\/uploads\/sites\/45\/2018\/07\/Abutres-Spain-300x225.jpg\" alt=\"abutres-spain\" width=\"300\" height=\"225\" srcset=\"https:\/\/static-blogs.hoy.es\/wp-content\/uploads\/sites\/45\/2018\/07\/Abutres-Spain-300x225.jpg 300w, https:\/\/static-blogs.hoy.es\/wp-content\/uploads\/sites\/45\/2018\/07\/Abutres-Spain-768x576.jpg 768w, https:\/\/static-blogs.hoy.es\/wp-content\/uploads\/sites\/45\/2018\/07\/Abutres-Spain.jpg 960w\" sizes=\"(max-width: 300px) 100vw, 300px\" \/><\/a><\/p>\n<p>Volviendo al t\u00edtulo del post, del 6 al 8 de julio tendremos en C\u00e1ceres el cuarto aniversario del cap\u00edtulo all\u00ed asentado. C\/ Labradores, 18, Pol\u00edgono Las Capellanias, C\u00e1ceres.<\/p>\n<p>El viernes d\u00eda 6 ser\u00e1 de recibimiento a miembros y amigos tanto del pa\u00eds como de pa\u00edses lejanos, posiblemente entre ellos muchos de Brasil y Portugal. Con ellos ya comenzar\u00e1 la fiesta.<\/p>\n<p>El s\u00e1bado <strong>d\u00eda 7 ser\u00e1 el d\u00eda grande<\/strong>, al medio d\u00eda habr\u00e1 comida gratuita para los asistentes (hasta fin de existencias), y sobre las 20:30 horas una ruta por ciudad, para finalizar en su sede, que por cierto adem\u00e1s est\u00e1n de fiesta de inauguraci\u00f3n por lo que ser\u00e1 una buena fiesta. Para cenar tambi\u00e9n habr\u00e1 algo para picar, y luego fiesta, hasta que el cuerpo aguante.<\/p>\n<p>El domingo d\u00eda 8 ser\u00e1 de despedida del personal, recordar que llegar\u00e1 mucho motero de muy lejos y tendr\u00e1n un largo recorrido de vuelta, por lo que tras el desayuno comenzar\u00e1n a volar.<\/p>\n<p>Recuerda que es una <strong>fiesta de inauguraci\u00f3n conjunta con su cuarto aniversario<\/strong>,\u00a0por lo que la fiesta est\u00e1 asegurada, y se trata de una fiesta abierta a cualquier asistente, pero debes de recordar a\u00fan mejor que se trata de un MC, recuerda respeta y ser\u00e1s respetado, estos son de los que llevan el <a href=\"https:\/\/blogs.hoy.es\/moterosdehoy\/2015\/11\/17\/que-hay-detras-del-1\/\">1% en el pecho<\/a>.<\/p>\n<p>Saludos y r\u00e1fagas.<\/p>\n<!-- AddThis Advanced Settings generic via filter on the_content --><!-- AddThis Share Buttons generic via filter on the_content -->","protected":false},"excerpt":{"rendered":"<p>Del 6 al 8 de julio tendr\u00e1 lugar el cuarto aniversario de Abutre&#8217;s MC C\u00e1ceres. Para los profanos en el tema o algo perdidos, Abutre&#8217;s\u00a0 MC es un club de motos, no un club cualquiera, es uno de los fuertes. Su nombre proviene de Brasil, pa\u00eds donde surgi\u00f3 all\u00e1 por el 1989 en S\u00e3o Paulo [&hellip;]<!-- AddThis Advanced Settings generic via filter on get_the_excerpt --><!-- AddThis Share Buttons generic via filter on get_the_excerpt --><\/p>\n","protected":false},"author":49,"featured_media":0,"comment_status":"open","ping_status":"closed","sticky":false,"template":"","format":"standard","meta":[],"categories":[13],"tags":[17,35,382,622],"_links":{"self":[{"href":"https:\/\/blogs.hoy.es\/moterosdehoy\/wp-json\/wp\/v2\/posts\/2538"}],"collection":[{"href":"https:\/\/blogs.hoy.es\/moterosdehoy\/wp-json\/wp\/v2\/posts"}],"about":[{"href":"https:\/\/blogs.hoy.es\/moterosdehoy\/wp-json\/wp\/v2\/types\/post"}],"author":[{"embeddable":true,"href":"https:\/\/blogs.hoy.es\/moterosdehoy\/wp-json\/wp\/v2\/users\/49"}],"replies":[{"embeddable":true,"href":"https:\/\/blogs.hoy.es\/moterosdehoy\/wp-json\/wp\/v2\/comments?post=2538"}],"version-history":[{"count":5,"href":"https:\/\/blogs.hoy.es\/moterosdehoy\/wp-json\/wp\/v2\/posts\/2538\/revisions"}],"predecessor-version":[{"id":2545,"href":"https:\/\/blogs.hoy.es\/moterosdehoy\/wp-json\/wp\/v2\/posts\/2538\/revisions\/2545"}],"wp:attachment":[{"href":"https:\/\/blogs.hoy.es\/moterosdehoy\/wp-json\/wp\/v2\/media?parent=2538"}],"wp:term":[{"taxonomy":"category","embeddable":true,"href":"https:\/\/blogs.hoy.es\/moterosdehoy\/wp-json\/wp\/v2\/categories?post=2538"},{"taxonomy":"post_tag","embeddable":true,"href":"https:\/\/blogs.hoy.es\/moterosdehoy\/wp-json\/wp\/v2\/tags?post=2538"}],"curies":[{"name":"wp","href":"https:\/\/api.w.org\/{rel}","templated":true}]}}