{"id":2546,"date":"2018-07-09T00:16:10","date_gmt":"2018-07-09T00:16:10","guid":{"rendered":"http:\/\/blogs.hoy.es\/moterosdehoy\/?p=2546"},"modified":"2022-06-01T15:48:01","modified_gmt":"2022-06-01T15:48:01","slug":"iv-festival-rolling-custom-rock","status":"publish","type":"post","link":"https:\/\/blogs.hoy.es\/moterosdehoy\/2018\/07\/09\/iv-festival-rolling-custom-rock\/","title":{"rendered":"IV Festival Rolling Custom Rock"},"content":{"rendered":"<h3>El fin de semana del 13 al 15 de julio tendremos el cuarto Festival Rolling Custom Rock, de nuevo en Plasencia (C\u00e1ceres)<\/h3>\n<p><a href=\"https:\/\/static-blogs.hoy.es\/wp-content\/uploads\/sites\/45\/2018\/07\/2018-07-Plasencia.jpg\"><img loading=\"lazy\" class=\"alignleft size-medium wp-image-2547\" src=\"https:\/\/static-blogs.hoy.es\/wp-content\/uploads\/sites\/45\/2018\/07\/2018-07-Plasencia-176x300.jpg\" alt=\"2018-07-plasencia\" width=\"176\" height=\"300\" srcset=\"https:\/\/static-blogs.hoy.es\/wp-content\/uploads\/sites\/45\/2018\/07\/2018-07-Plasencia-176x300.jpg 176w, https:\/\/static-blogs.hoy.es\/wp-content\/uploads\/sites\/45\/2018\/07\/2018-07-Plasencia.jpg 563w\" sizes=\"(max-width: 176px) 100vw, 176px\" \/><\/a>Se aproxima Faro y hay mucho motero preparando el viaje, pero el fin de semana que se nos aproxima tambi\u00e9n queremos moto, fiesta y m\u00fasica. Pues aqu\u00ed llega una buena opci\u00f3n de la mano del club motero &#8220;<a href=\"https:\/\/www.facebook.com\/rollingcustomclub\/\" rel=\"external nofollow\">Rolling Custom Club<\/a>&#8220;.<\/p>\n<p>La fiesta comenzar\u00e1 durante la tarde-noche del <strong>viernes<\/strong> en la Sala Impacto, con la actuaci\u00f3n en directo de Desvariados.<\/p>\n<p>El\u00a0<strong>s\u00e1bado<\/strong>\u00a0ser\u00e1 el d\u00eda grande de la\u00a0<a href=\"https:\/\/www.facebook.com\/events\/174930289831260\/\" rel=\"external nofollow\">IV edici\u00f3n del Festival Rolling Custom Rock<\/a>. que nos anuncia llegar\u00a0cargado con una buena selecci\u00f3n de grupos para que nuestros o\u00eddos puedan disfrutar, en el propio cartel tienes disponible los nombres de los grupos.<span id=\"more-2274\"><\/span><\/p>\n<p>Han apostado por hacerlo gratuito (pero lleva un kilo de alimento no perecedero). Adem\u00e1s tienen un pack motero por 30\u20ac, en el que entra la comida y cena (bocadillo), bolsa, camiseta, sorteos y regalos variados, pero si est\u00e1s interesado no te demores, s\u00f3lo estar\u00e1 disponible para los primeros 100 inscritos.<\/p>\n<p>Tendr\u00e1 lugar en pleno Centro Hist\u00f3rico de\u00a0<a href=\"http:\/\/www.plasencia.es\/web\/turismo-plasencia\" rel=\"external nofollow\">Plasencia<\/a>, en el marco de sus dos Catedrales, y es que unidos a su Ayuntamiento tratan de fijar\u00a0<a href=\"https:\/\/es.wikipedia.org\/wiki\/Plasencia\" rel=\"external nofollow\">Plasencia<\/a>\u00a0como punto de referencia del turismo musical a la vez que motero. Es todo un lujo poder contar con la ayuda del ayuntamiento para \u00e9ste tipo de eventos, pues parece como si el colectivo motero estorbara en donde quiera que est\u00e9, en \u00e9ste caso en Plasencia hay que darles las gracias pues se han dado cuenta que es un colectivo que puede proporcionar mucho turismo de calidad, y las ayudas llaman a las ayudas, adem\u00e1s de contar con el apoyo del ayuntamiento, cuentan con el apoyo de \u201cZona Centro de Plasencia\u201d y la \u201c<a href=\"http:\/\/www.juntaex.es\/web\/\" rel=\"external nofollow\">Junta de Extremadura<\/a>\u201c.<\/p>\n<p>Recuerda que \u00e9ste evento no es s\u00f3lo para moteros, al realizarse en plena Plaza y gratuito, esta abierto a todo el que quiera disfrutar de buena m\u00fasica, como sus organizadores dicen para participar en su ilusi\u00f3n y empe\u00f1o.<\/p>\n<p>Saludos y r\u00e1fagas.<\/p>\n<!-- AddThis Advanced Settings generic via filter on the_content --><!-- AddThis Share Buttons generic via filter on the_content -->","protected":false},"excerpt":{"rendered":"<p>El fin de semana del 13 al 15 de julio tendremos el cuarto Festival Rolling Custom Rock, de nuevo en Plasencia (C\u00e1ceres) Se aproxima Faro y hay mucho motero preparando el viaje, pero el fin de semana que se nos aproxima tambi\u00e9n queremos moto, fiesta y m\u00fasica. Pues aqu\u00ed llega una buena opci\u00f3n de la [&hellip;]<!-- AddThis Advanced Settings generic via filter on get_the_excerpt --><!-- AddThis Share Buttons generic via filter on get_the_excerpt --><\/p>\n","protected":false},"author":49,"featured_media":0,"comment_status":"open","ping_status":"closed","sticky":false,"template":"","format":"standard","meta":[],"categories":[13],"tags":[1217,622,664,732,1133,1092],"_links":{"self":[{"href":"https:\/\/blogs.hoy.es\/moterosdehoy\/wp-json\/wp\/v2\/posts\/2546"}],"collection":[{"href":"https:\/\/blogs.hoy.es\/moterosdehoy\/wp-json\/wp\/v2\/posts"}],"about":[{"href":"https:\/\/blogs.hoy.es\/moterosdehoy\/wp-json\/wp\/v2\/types\/post"}],"author":[{"embeddable":true,"href":"https:\/\/blogs.hoy.es\/moterosdehoy\/wp-json\/wp\/v2\/users\/49"}],"replies":[{"embeddable":true,"href":"https:\/\/blogs.hoy.es\/moterosdehoy\/wp-json\/wp\/v2\/comments?post=2546"}],"version-history":[{"count":1,"href":"https:\/\/blogs.hoy.es\/moterosdehoy\/wp-json\/wp\/v2\/posts\/2546\/revisions"}],"predecessor-version":[{"id":2548,"href":"https:\/\/blogs.hoy.es\/moterosdehoy\/wp-json\/wp\/v2\/posts\/2546\/revisions\/2548"}],"wp:attachment":[{"href":"https:\/\/blogs.hoy.es\/moterosdehoy\/wp-json\/wp\/v2\/media?parent=2546"}],"wp:term":[{"taxonomy":"category","embeddable":true,"href":"https:\/\/blogs.hoy.es\/moterosdehoy\/wp-json\/wp\/v2\/categories?post=2546"},{"taxonomy":"post_tag","embeddable":true,"href":"https:\/\/blogs.hoy.es\/moterosdehoy\/wp-json\/wp\/v2\/tags?post=2546"}],"curies":[{"name":"wp","href":"https:\/\/api.w.org\/{rel}","templated":true}]}}