{"id":255,"date":"2012-08-21T15:48:29","date_gmt":"2012-08-21T15:48:29","guid":{"rendered":"http:\/\/blogs.hoy.es\/moterosdehoy\/?p=255"},"modified":"2012-08-21T15:48:29","modified_gmt":"2012-08-21T15:48:29","slug":"iv-concentracion-de-motos-clasicas-en-lobon","status":"publish","type":"post","link":"https:\/\/blogs.hoy.es\/moterosdehoy\/2012\/08\/21\/iv-concentracion-de-motos-clasicas-en-lobon\/","title":{"rendered":"IV concentraci\u00f3n de motos cl\u00e1sicas en Lob\u00f3n"},"content":{"rendered":"<div id=\"attachment_256\" style=\"width: 210px\" class=\"wp-caption alignleft\"><a href=\"\/moterosdehoy\/wp-content\/uploads\/sites\/45\/2012\/08\/2012-08-26-Motos-cl\u00e1sicas-Lob\u00f3n.jpg\"><img aria-describedby=\"caption-attachment-256\" loading=\"lazy\" class=\"size-medium wp-image-256\" title=\"2012-08-26 Motos cl\u00e1sicas Lob\u00f3n\" src=\"\/moterosdehoy\/wp-content\/uploads\/sites\/45\/2012\/08\/2012-08-26-Motos-cl\u00e1sicas-Lob\u00f3n.jpg\" alt=\"\" width=\"200\" height=\"300\" srcset=\"https:\/\/static-blogs.hoy.es\/wp-content\/uploads\/sites\/45\/2012\/08\/2012-08-26-Motos-cl\u00e1sicas-Lob\u00f3n.jpg 414w, https:\/\/static-blogs.hoy.es\/wp-content\/uploads\/sites\/45\/2012\/08\/2012-08-26-Motos-cl\u00e1sicas-Lob\u00f3n-200x300.jpg 200w\" sizes=\"(max-width: 200px) 100vw, 200px\" \/><\/a><p id=\"caption-attachment-256\" class=\"wp-caption-text\">Cartel de la concentraci\u00f3n.<\/p><\/div>\n<p>&nbsp;<\/p>\n<p style=\"text-align: justify;\">\u00a0 \u00a0<strong>El domingo 26 de agosto de 2012<\/strong>, la Ciudad de <strong><a title=\"Lob\u00f3n\" href=\"http:\/\/www.lobon.es\/\" target=\"_blank\" rel=\"external nofollow\">Lob\u00f3n<\/a><\/strong> dentro de las actividades programadas para sus Ferias y Fiestas locales, nos present\u00f3 su ya <strong><a title=\"Concentraci\u00f3n de motos cl\u00e1sicas en Lob\u00f3n\" href=\"http:\/\/cronicasdeunpueblo.es\/not\/12532\/iv_concentracion_de_motos_clasicas_ciudad_de_lobon\/\" target=\"_blank\" rel=\"external nofollow\">IV Concentraci\u00f3n de Motos Cl\u00e1sicas<\/a>.<\/strong><\/p>\n<p style=\"text-align: justify;\">\u00a0 \u00a0 Tuvo lugar <strong>a las 12:00 horas en la Avenida de Extremadura<\/strong> de dicha localidad y como novedad, adem\u00e1s cont\u00f3 con la presencia de coches cl\u00e1sicos. En \u00e9sta edici\u00f3n se inscribieron 30 motos cl\u00e1sicas y 40 coches cl\u00e1sicos. Para ver fotos del evento <a title=\"Fotos IV Concentraci\u00f3n motos cl\u00e1sicas Lob\u00f3n\" href=\"https:\/\/blogs.hoy.es\/moterosdehoy\/2012\/08\/26\/fotos-iv-concentracion-de-motos-y-coches-clasicos-ciudad-de-lobon\/\" target=\"_blank\">pincha aqu\u00ed<\/a>.<\/p>\n<p style=\"text-align: justify;\">\u00a0 \u00a0 \u00a0El coche cl\u00e1sico ganador fue un SAAB modelo 96 color verde, del a\u00f1o 1963, en concreto est\u00e1 dotado de un motor de gasolina con 1.100 c.c., tiene 4 plazas y una tara de 800 kilos. Pero su due\u00f1o como \u00e9l indica ya cuando lo compr\u00f3 y se moceaba con \u00e9l atra\u00eda las miradas.<\/p>\n<p style=\"text-align: justify;\"><strong>\u00a0 \u00a0 Saludos y r\u00e1fagas.<\/strong><\/p>\n<p style=\"text-align: justify;\">\n<!-- AddThis Advanced Settings generic via filter on the_content --><!-- AddThis Share Buttons generic via filter on the_content -->","protected":false},"excerpt":{"rendered":"<p>&nbsp; \u00a0 \u00a0El domingo 26 de agosto de 2012, la Ciudad de Lob\u00f3n dentro de las actividades programadas para sus Ferias y Fiestas locales, nos present\u00f3 su ya IV Concentraci\u00f3n de Motos Cl\u00e1sicas. \u00a0 \u00a0 Tuvo lugar a las 12:00 horas en la Avenida de Extremadura de dicha localidad y como novedad, adem\u00e1s cont\u00f3 con [&hellip;]<!-- AddThis Advanced Settings generic via filter on get_the_excerpt --><!-- AddThis Share Buttons generic via filter on get_the_excerpt --><\/p>\n","protected":false},"author":49,"featured_media":0,"comment_status":"open","ping_status":"closed","sticky":false,"template":"","format":"standard","meta":[],"categories":[13],"tags":[231,622,639,722],"_links":{"self":[{"href":"https:\/\/blogs.hoy.es\/moterosdehoy\/wp-json\/wp\/v2\/posts\/255"}],"collection":[{"href":"https:\/\/blogs.hoy.es\/moterosdehoy\/wp-json\/wp\/v2\/posts"}],"about":[{"href":"https:\/\/blogs.hoy.es\/moterosdehoy\/wp-json\/wp\/v2\/types\/post"}],"author":[{"embeddable":true,"href":"https:\/\/blogs.hoy.es\/moterosdehoy\/wp-json\/wp\/v2\/users\/49"}],"replies":[{"embeddable":true,"href":"https:\/\/blogs.hoy.es\/moterosdehoy\/wp-json\/wp\/v2\/comments?post=255"}],"version-history":[{"count":0,"href":"https:\/\/blogs.hoy.es\/moterosdehoy\/wp-json\/wp\/v2\/posts\/255\/revisions"}],"wp:attachment":[{"href":"https:\/\/blogs.hoy.es\/moterosdehoy\/wp-json\/wp\/v2\/media?parent=255"}],"wp:term":[{"taxonomy":"category","embeddable":true,"href":"https:\/\/blogs.hoy.es\/moterosdehoy\/wp-json\/wp\/v2\/categories?post=255"},{"taxonomy":"post_tag","embeddable":true,"href":"https:\/\/blogs.hoy.es\/moterosdehoy\/wp-json\/wp\/v2\/tags?post=255"}],"curies":[{"name":"wp","href":"https:\/\/api.w.org\/{rel}","templated":true}]}}