{"id":2550,"date":"2018-08-02T15:14:06","date_gmt":"2018-08-02T15:14:06","guid":{"rendered":"http:\/\/blogs.hoy.es\/moterosdehoy\/?p=2550"},"modified":"2022-06-01T15:47:55","modified_gmt":"2022-06-01T15:47:55","slug":"concentracion-motera-en-calamonte-3","status":"publish","type":"post","link":"https:\/\/blogs.hoy.es\/moterosdehoy\/2018\/08\/02\/concentracion-motera-en-calamonte-3\/","title":{"rendered":"Concentraci\u00f3n motera en Calamonte"},"content":{"rendered":"<p>Del 3 al 5 de agosto se celebrar\u00e1 la catorceava concentraci\u00f3n motera Ciudad de Calamonte.<\/p>\n<p><a href=\"https:\/\/static-blogs.hoy.es\/wp-content\/uploads\/sites\/45\/2018\/08\/2018-08-Calamonte-.jpg\"><img loading=\"lazy\" class=\"alignleft size-medium wp-image-2551\" src=\"https:\/\/static-blogs.hoy.es\/wp-content\/uploads\/sites\/45\/2018\/08\/2018-08-Calamonte--300x212.jpg\" alt=\"2018-08-calamonte\" width=\"300\" height=\"212\" srcset=\"https:\/\/static-blogs.hoy.es\/wp-content\/uploads\/sites\/45\/2018\/08\/2018-08-Calamonte--300x212.jpg 300w, https:\/\/static-blogs.hoy.es\/wp-content\/uploads\/sites\/45\/2018\/08\/2018-08-Calamonte--768x543.jpg 768w, https:\/\/static-blogs.hoy.es\/wp-content\/uploads\/sites\/45\/2018\/08\/2018-08-Calamonte-.jpg 960w\" sizes=\"(max-width: 300px) 100vw, 300px\" \/><\/a>La pe\u00f1a motera &#8220;Ah\u00ed va la liebre&#8221; nos organiza nuevamente una concentraci\u00f3n motera en su localidad.<\/p>\n<p>A partir del viernes por la tarde ya estar\u00e1 todo dispuesto para esperar a los moteros, con zona de acampada y copas baratas, para que dejes la moto aparcada y puedas disfrutar de la fiesta.<\/p>\n<p>Para el s\u00e1bado tendr\u00e1n disponible la piscina, pues har\u00e1 calor y habr\u00e1 que refrescarse, y para el domingo ruta. Por supuesto sin olvidar m\u00fasica para las noches del viernes y s\u00e1bado, para estar entretenidos.<\/p>\n<p>Una buena concentraci\u00f3n para encontrar viejos amigos, o hacerlos nuevos.<\/p>\n<p>Saludos y r\u00e1fagas.<\/p>\n<!-- AddThis Advanced Settings generic via filter on the_content --><!-- AddThis Share Buttons generic via filter on the_content -->","protected":false},"excerpt":{"rendered":"<p>Del 3 al 5 de agosto se celebrar\u00e1 la catorceava concentraci\u00f3n motera Ciudad de Calamonte. La pe\u00f1a motera &#8220;Ah\u00ed va la liebre&#8221; nos organiza nuevamente una concentraci\u00f3n motera en su localidad. A partir del viernes por la tarde ya estar\u00e1 todo dispuesto para esperar a los moteros, con zona de acampada y copas baratas, para [&hellip;]<!-- AddThis Advanced Settings generic via filter on get_the_excerpt --><!-- AddThis Share Buttons generic via filter on get_the_excerpt --><\/p>\n","protected":false},"author":49,"featured_media":0,"comment_status":"open","ping_status":"closed","sticky":false,"template":"","format":"standard","meta":[],"categories":[13],"tags":[1218,1100,227,622],"_links":{"self":[{"href":"https:\/\/blogs.hoy.es\/moterosdehoy\/wp-json\/wp\/v2\/posts\/2550"}],"collection":[{"href":"https:\/\/blogs.hoy.es\/moterosdehoy\/wp-json\/wp\/v2\/posts"}],"about":[{"href":"https:\/\/blogs.hoy.es\/moterosdehoy\/wp-json\/wp\/v2\/types\/post"}],"author":[{"embeddable":true,"href":"https:\/\/blogs.hoy.es\/moterosdehoy\/wp-json\/wp\/v2\/users\/49"}],"replies":[{"embeddable":true,"href":"https:\/\/blogs.hoy.es\/moterosdehoy\/wp-json\/wp\/v2\/comments?post=2550"}],"version-history":[{"count":1,"href":"https:\/\/blogs.hoy.es\/moterosdehoy\/wp-json\/wp\/v2\/posts\/2550\/revisions"}],"predecessor-version":[{"id":2552,"href":"https:\/\/blogs.hoy.es\/moterosdehoy\/wp-json\/wp\/v2\/posts\/2550\/revisions\/2552"}],"wp:attachment":[{"href":"https:\/\/blogs.hoy.es\/moterosdehoy\/wp-json\/wp\/v2\/media?parent=2550"}],"wp:term":[{"taxonomy":"category","embeddable":true,"href":"https:\/\/blogs.hoy.es\/moterosdehoy\/wp-json\/wp\/v2\/categories?post=2550"},{"taxonomy":"post_tag","embeddable":true,"href":"https:\/\/blogs.hoy.es\/moterosdehoy\/wp-json\/wp\/v2\/tags?post=2550"}],"curies":[{"name":"wp","href":"https:\/\/api.w.org\/{rel}","templated":true}]}}