{"id":2553,"date":"2018-08-28T20:14:43","date_gmt":"2018-08-28T20:14:43","guid":{"rendered":"http:\/\/blogs.hoy.es\/moterosdehoy\/?p=2553"},"modified":"2022-06-01T15:47:47","modified_gmt":"2022-06-01T15:47:47","slug":"summer-gil-2018","status":"publish","type":"post","link":"https:\/\/blogs.hoy.es\/moterosdehoy\/2018\/08\/28\/summer-gil-2018\/","title":{"rendered":"SUMMER GIL 2018"},"content":{"rendered":"<p>En\u00a0pleno verano hay pocos eventos moteros por Extremadura, mucha calor, y el personal prefiere arrimarse a playas o monta\u00f1as, pero para el fin de semana del\u00a01 y 2 de septiembre tenemos un evento en\u00a0<a href=\"https:\/\/es.wikipedia.org\/wiki\/San_Gil_(C%C3%A1ceres)\" rel=\"external nofollow\">San Gil<\/a>.<\/p>\n<p><a href=\"https:\/\/static-blogs.hoy.es\/wp-content\/uploads\/sites\/45\/2018\/08\/2018-09-Summer-Gil.jpg\"><img loading=\"lazy\" class=\"alignleft size-medium wp-image-2554\" src=\"https:\/\/static-blogs.hoy.es\/wp-content\/uploads\/sites\/45\/2018\/08\/2018-09-Summer-Gil-212x300.jpg\" alt=\"2018-09-summer-gil\" width=\"212\" height=\"300\" srcset=\"https:\/\/static-blogs.hoy.es\/wp-content\/uploads\/sites\/45\/2018\/08\/2018-09-Summer-Gil-212x300.jpg 212w, https:\/\/static-blogs.hoy.es\/wp-content\/uploads\/sites\/45\/2018\/08\/2018-09-Summer-Gil-768x1086.jpg 768w, https:\/\/static-blogs.hoy.es\/wp-content\/uploads\/sites\/45\/2018\/08\/2018-09-Summer-Gil-724x1024.jpg 724w, https:\/\/static-blogs.hoy.es\/wp-content\/uploads\/sites\/45\/2018\/08\/2018-09-Summer-Gil.jpg 884w\" sizes=\"(max-width: 212px) 100vw, 212px\" \/><\/a>Por segundo a\u00f1o consecutivo su Ayuntamiento nos ha preparado el Summer Gil Festival, que visto el \u00e9xito del a\u00f1o pasado seguro que ser\u00e1 un buen fin de semana, para que el festival tenga su car\u00e1cter motero, colabora con el Ayuntamiento el Club motero\u00a0<a href=\"https:\/\/www.facebook.com\/rollingcustomclub\/\" data-hovercard=\"\/ajax\/hovercard\/page.php?id=358472924352507&amp;extragetparams=%7B%22directed_target_id%22%3A342560252846903%7D\" data-hovercard-prefer-more-content-show=\"1\" rel=\"external nofollow\">Rolling Custom Club.<\/a><span id=\"more-2297\"><\/span><\/p>\n<p>El\u00a0<strong>s\u00e1bado 01<\/strong>\u00a0dar\u00e1 comienzo el festival:<\/p>\n<ul>\n<li>10 horas con la recepci\u00f3n de moteros en San Gil.<\/li>\n<li>11 h, ruta motera de unos 200 kms.<\/li>\n<li>15 h, comida solidaria a beneficio de la <a href=\"https:\/\/www.facebook.com\/ProtectoradeAnimalesRefugiodePlasencia\/\" rel=\"external nofollow\">protectora El Refugio<\/a> (1 euro).<\/li>\n<li>17 h, piscina gratuita.<\/li>\n<li>20:30 h, toro mec\u00e1nico.<\/li>\n<li>21:30 h, conciertos.<\/li>\n<li>00:00 h, minuto de silencio.<\/li>\n<\/ul>\n<p><strong>Domingo 02<\/strong>,\u00a0tras el minuto de silencio continuamos con:<\/p>\n<ul>\n<li>00:15 h, Ruta de las antorchas, San Gil &#8211; Galisteo &#8211; San Gil.<\/li>\n<li>00:45 h, continuaci\u00f3n de los conciertos.<\/li>\n<\/ul>\n<p>Los grupos que est\u00e1n confirmados son Capit\u00e1n Cobarde, The PlayMouth, Los Farelli.<\/p>\n<p><span class=\"text_exposed_show\"><strong>No os olvid\u00e9is de llevar un\u00a0kilo de alimento<\/strong>. Todo lo recaudado ir\u00e1 a favor del banco de alimentos.<\/span><\/p>\n<p>San Gil, es una localidad del norte de C\u00e1ceres por lo que las temperaturas son algo m\u00e1s fresquitas, al menos por la noche. Acude a divertirte y seguro que encontraras buenos amigos.<\/p>\n<p>Saludos y r\u00e1fagas.<\/p>\n<!-- AddThis Advanced Settings generic via filter on the_content --><!-- AddThis Share Buttons generic via filter on the_content -->","protected":false},"excerpt":{"rendered":"<p>En\u00a0pleno verano hay pocos eventos moteros por Extremadura, mucha calor, y el personal prefiere arrimarse a playas o monta\u00f1as, pero para el fin de semana del\u00a01 y 2 de septiembre tenemos un evento en\u00a0San Gil. Por segundo a\u00f1o consecutivo su Ayuntamiento nos ha preparado el Summer Gil Festival, que visto el \u00e9xito del a\u00f1o pasado [&hellip;]<!-- AddThis Advanced Settings generic via filter on get_the_excerpt --><!-- AddThis Share Buttons generic via filter on get_the_excerpt --><\/p>\n","protected":false},"author":49,"featured_media":0,"comment_status":"open","ping_status":"closed","sticky":false,"template":"","format":"standard","meta":[],"categories":[13],"tags":[382,622,1104,1219],"_links":{"self":[{"href":"https:\/\/blogs.hoy.es\/moterosdehoy\/wp-json\/wp\/v2\/posts\/2553"}],"collection":[{"href":"https:\/\/blogs.hoy.es\/moterosdehoy\/wp-json\/wp\/v2\/posts"}],"about":[{"href":"https:\/\/blogs.hoy.es\/moterosdehoy\/wp-json\/wp\/v2\/types\/post"}],"author":[{"embeddable":true,"href":"https:\/\/blogs.hoy.es\/moterosdehoy\/wp-json\/wp\/v2\/users\/49"}],"replies":[{"embeddable":true,"href":"https:\/\/blogs.hoy.es\/moterosdehoy\/wp-json\/wp\/v2\/comments?post=2553"}],"version-history":[{"count":2,"href":"https:\/\/blogs.hoy.es\/moterosdehoy\/wp-json\/wp\/v2\/posts\/2553\/revisions"}],"predecessor-version":[{"id":2556,"href":"https:\/\/blogs.hoy.es\/moterosdehoy\/wp-json\/wp\/v2\/posts\/2553\/revisions\/2556"}],"wp:attachment":[{"href":"https:\/\/blogs.hoy.es\/moterosdehoy\/wp-json\/wp\/v2\/media?parent=2553"}],"wp:term":[{"taxonomy":"category","embeddable":true,"href":"https:\/\/blogs.hoy.es\/moterosdehoy\/wp-json\/wp\/v2\/categories?post=2553"},{"taxonomy":"post_tag","embeddable":true,"href":"https:\/\/blogs.hoy.es\/moterosdehoy\/wp-json\/wp\/v2\/tags?post=2553"}],"curies":[{"name":"wp","href":"https:\/\/api.w.org\/{rel}","templated":true}]}}