{"id":2557,"date":"2018-08-31T09:48:49","date_gmt":"2018-08-31T09:48:49","guid":{"rendered":"http:\/\/blogs.hoy.es\/moterosdehoy\/?p=2557"},"modified":"2022-06-01T15:44:36","modified_gmt":"2022-06-01T15:44:36","slug":"ix-fiesta-motera-en-villanueva-de-la-serena","status":"publish","type":"post","link":"https:\/\/blogs.hoy.es\/moterosdehoy\/2018\/08\/31\/ix-fiesta-motera-en-villanueva-de-la-serena\/","title":{"rendered":"IX Fiesta motera en Villanueva de la Serena"},"content":{"rendered":"<p>El domingo d\u00eda <strong>2 de septiembre<\/strong>, el Ayuntamiento de <a href=\"https:\/\/www.villanuevadelaserena.es\/\" rel=\"external nofollow\">Villanueva de la Serena<\/a>, nos ha organizado una fiesta motera en su localidad.<\/p>\n<p><a href=\"https:\/\/static-blogs.hoy.es\/wp-content\/uploads\/sites\/45\/2018\/08\/2018-09-Villanueva-de-la-serena.jpg\"><img loading=\"lazy\" class=\"alignleft size-medium wp-image-2558\" src=\"https:\/\/static-blogs.hoy.es\/wp-content\/uploads\/sites\/45\/2018\/08\/2018-09-Villanueva-de-la-serena-150x300.jpg\" alt=\"2018-09-villanueva-de-la-serena\" width=\"150\" height=\"300\" srcset=\"https:\/\/static-blogs.hoy.es\/wp-content\/uploads\/sites\/45\/2018\/08\/2018-09-Villanueva-de-la-serena-150x300.jpg 150w, https:\/\/static-blogs.hoy.es\/wp-content\/uploads\/sites\/45\/2018\/08\/2018-09-Villanueva-de-la-serena.jpg 480w\" sizes=\"(max-width: 150px) 100vw, 150px\" \/><\/a>Se trata de una\u00a0quedada de un s\u00f3lo d\u00eda, en el que estar\u00e1n todos los ingredientes necesarios para que se convierta en una buena concentraci\u00f3n motera, ruta, m\u00fasica, concierto en directo, sorteos, regalos&#8230;<\/p>\n<p>El punto de encuentro ser\u00e1 el recinto Juan Hidalgo, de <strong><a href=\"https:\/\/es.wikipedia.org\/wiki\/Villanueva_de_la_Serena\" rel=\"external nofollow\">Villanueva de la Serena<\/a> (Badajoz)<\/strong>, y d\u00eda dar\u00e1 comienzo a las 9:30 horas, con apertura de inscripciones hasta las 10:30 h.<\/p>\n<p>A las 10:30 h, comenzar\u00e1 una ruta, que tendr\u00e1 su fin de nuevo en el punto de concentraci\u00f3n antes de la comida, que estar\u00e1 amenizada con la actuaci\u00f3n del grupo musical The Playmouth, entre las 14:00 y las 16:30 h, finalizado el concierto habr\u00e1 sorteos para los inscritos, entre ellos una motocicleta Peugeot 125cc, un viaje al caribe, y 3.000 euros en regalos.<\/p>\n<p>La inscripci\u00f3n se puede realizar en la misma concentraci\u00f3n, y tiene un valor de 12 euros.<\/p>\n<p>Todo apunta a que ser\u00e1 un buen d\u00eda de fiesta motera \u00bfte la vas a perder?<\/p>\n<p>Saludos y r\u00e1fagas.<\/p>\n<!-- AddThis Advanced Settings generic via filter on the_content --><!-- AddThis Share Buttons generic via filter on the_content -->","protected":false},"excerpt":{"rendered":"<p>El domingo d\u00eda 2 de septiembre, el Ayuntamiento de Villanueva de la Serena, nos ha organizado una fiesta motera en su localidad. Se trata de una\u00a0quedada de un s\u00f3lo d\u00eda, en el que estar\u00e1n todos los ingredientes necesarios para que se convierta en una buena concentraci\u00f3n motera, ruta, m\u00fasica, concierto en directo, sorteos, regalos&#8230; El [&hellip;]<!-- AddThis Advanced Settings generic via filter on get_the_excerpt --><!-- AddThis Share Buttons generic via filter on get_the_excerpt --><\/p>\n","protected":false},"author":49,"featured_media":0,"comment_status":"open","ping_status":"closed","sticky":false,"template":"","format":"standard","meta":[],"categories":[13],"tags":[382,406,618,622,664,1220],"_links":{"self":[{"href":"https:\/\/blogs.hoy.es\/moterosdehoy\/wp-json\/wp\/v2\/posts\/2557"}],"collection":[{"href":"https:\/\/blogs.hoy.es\/moterosdehoy\/wp-json\/wp\/v2\/posts"}],"about":[{"href":"https:\/\/blogs.hoy.es\/moterosdehoy\/wp-json\/wp\/v2\/types\/post"}],"author":[{"embeddable":true,"href":"https:\/\/blogs.hoy.es\/moterosdehoy\/wp-json\/wp\/v2\/users\/49"}],"replies":[{"embeddable":true,"href":"https:\/\/blogs.hoy.es\/moterosdehoy\/wp-json\/wp\/v2\/comments?post=2557"}],"version-history":[{"count":1,"href":"https:\/\/blogs.hoy.es\/moterosdehoy\/wp-json\/wp\/v2\/posts\/2557\/revisions"}],"predecessor-version":[{"id":2559,"href":"https:\/\/blogs.hoy.es\/moterosdehoy\/wp-json\/wp\/v2\/posts\/2557\/revisions\/2559"}],"wp:attachment":[{"href":"https:\/\/blogs.hoy.es\/moterosdehoy\/wp-json\/wp\/v2\/media?parent=2557"}],"wp:term":[{"taxonomy":"category","embeddable":true,"href":"https:\/\/blogs.hoy.es\/moterosdehoy\/wp-json\/wp\/v2\/categories?post=2557"},{"taxonomy":"post_tag","embeddable":true,"href":"https:\/\/blogs.hoy.es\/moterosdehoy\/wp-json\/wp\/v2\/tags?post=2557"}],"curies":[{"name":"wp","href":"https:\/\/api.w.org\/{rel}","templated":true}]}}