{"id":2564,"date":"2018-09-12T08:05:05","date_gmt":"2018-09-12T08:05:05","guid":{"rendered":"http:\/\/blogs.hoy.es\/moterosdehoy\/?p=2564"},"modified":"2022-06-01T15:47:41","modified_gmt":"2022-06-01T15:47:41","slug":"curso-de-conduccion-segura-de-motocicletas-2","status":"publish","type":"post","link":"https:\/\/blogs.hoy.es\/moterosdehoy\/2018\/09\/12\/curso-de-conduccion-segura-de-motocicletas-2\/","title":{"rendered":"Curso de conducci\u00f3n segura de motocicletas"},"content":{"rendered":"<p>Motociclistas los hay de muchas clases, al igual que motos distintas, del mismo modo hay mucha diferencia en la experiencia\u00a0entre los que las utilizamos, m\u00e1xime cuando a d\u00eda de hoy por llevar m\u00e1s de un a\u00f1o de permiso de conducci\u00f3n de clase B, te regalan el permiso LC para conducir ciclomotores, y otro a\u00f1o despu\u00e9s el A1, lo que permite conducir motocicletas de hasta 125cc.,\u00a0en ambos casos una verdadera aberraci\u00f3n.<\/p>\n<p><a href=\"https:\/\/static-blogs.hoy.es\/wp-content\/uploads\/sites\/45\/2018\/09\/2018-09-Escuela-de-Trafico.jpg\"><img loading=\"lazy\" class=\"alignleft size-medium wp-image-2565\" src=\"https:\/\/static-blogs.hoy.es\/wp-content\/uploads\/sites\/45\/2018\/09\/2018-09-Escuela-de-Trafico-212x300.jpg\" alt=\"2018-09-escuela-de-trafico\" width=\"212\" height=\"300\" srcset=\"https:\/\/static-blogs.hoy.es\/wp-content\/uploads\/sites\/45\/2018\/09\/2018-09-Escuela-de-Trafico-212x300.jpg 212w, https:\/\/static-blogs.hoy.es\/wp-content\/uploads\/sites\/45\/2018\/09\/2018-09-Escuela-de-Trafico-768x1086.jpg 768w, https:\/\/static-blogs.hoy.es\/wp-content\/uploads\/sites\/45\/2018\/09\/2018-09-Escuela-de-Trafico-724x1024.jpg 724w, https:\/\/static-blogs.hoy.es\/wp-content\/uploads\/sites\/45\/2018\/09\/2018-09-Escuela-de-Trafico.jpg 1131w\" sizes=\"(max-width: 212px) 100vw, 212px\" \/><\/a>En alguna ruta, o simplemente en el d\u00eda a d\u00eda para utilizar la motocicleta por ciudad\u00a0y poder desplazarnos de un modo m\u00e1s respetuoso con los dem\u00e1s, hemos tenido alguna situaci\u00f3n en la que se nos ha amontonado el trabajo. Una curva que nos ha sorprendido, un animal que invade en la v\u00eda, un paso de peatones que no esper\u00e1bamos, mala se\u00f1alizaci\u00f3n, un veh\u00edculo que no respeta nuestra prioridad&#8230; podr\u00eda estar escribiendo ejemplos durante horas, pero no viene al caso, lo que hoy os quiero comentar es un proyecto que lleva a cabo la <a href=\"http:\/\/www.guardiacivil.es\/es\/institucional\/Conocenos\/especialidades\/Seguridad_Vial\/index.html\" rel=\"external nofollow\">Agrupaci\u00f3n de Tr\u00e1fico de la Guardia Civil<\/a>.<\/p>\n<p>La <a href=\"http:\/\/www.guardiacivil.es\/es\/institucional\/serguacivil\/centensenan\/trafico\/\" rel=\"external nofollow\">Escuela de Tr\u00e1fico de M\u00e9rida<\/a> organiza, en colaboraci\u00f3n con la <a href=\"http:\/\/www.motoyvida.es\/index.html\" rel=\"external nofollow\">Asociaci\u00f3n Moto y Vida<\/a>, un curso de conducci\u00f3n segura de motocicletas en beneficio de la Asociaci\u00f3n espa\u00f1ola contra el c\u00e1ncer. <strong>El curso tendr\u00e1 lugar el 29 de septiembre 2018, en las instalaciones de la Escuela de Tr\u00e1fico de M\u00e9rida<\/strong> (Badajoz), con clases tanto te\u00f3ricas como pr\u00e1cticas.<\/p>\n<p>La duraci\u00f3n del curso ser\u00e1 de un d\u00eda, tanto de ma\u00f1ana como tarde, con un precio de 120\u20ac en el que va incluido desayuno, comida, diploma, una camiseta conmemorativa, y algo de merchandising de recuerdo. Si est\u00e1s interesado el plazo de inscripci\u00f3n figura abierto hasta el 15 de septiembre, pero es por riguroso orden de inscripci\u00f3n y est\u00e1 limitado a 50 plazas, cupo que a\u00f1o tras a\u00f1o se acaba r\u00e1pido.<\/p>\n<p>En caso de que est\u00e9s interesad@ y te hayas quedado sin plaza, os dejo un<a href=\"http:\/\/www.motoyvida.es\/programa-cursos.html\" rel=\"external nofollow\"> enlace al programa de cursos<\/a> que tienen establecido.<\/p>\n<p>No lo dudes, y acude a pasar un gran d\u00eda que adem\u00e1s te servir\u00e1 para coger m\u00e1s experiencia sobre tu moto.<\/p>\n<p>Saludos y r\u00e1fagas.<\/p>\n<!-- AddThis Advanced Settings generic via filter on the_content --><!-- AddThis Share Buttons generic via filter on the_content -->","protected":false},"excerpt":{"rendered":"<p>Motociclistas los hay de muchas clases, al igual que motos distintas, del mismo modo hay mucha diferencia en la experiencia\u00a0entre los que las utilizamos, m\u00e1xime cuando a d\u00eda de hoy por llevar m\u00e1s de un a\u00f1o de permiso de conducci\u00f3n de clase B, te regalan el permiso LC para conducir ciclomotores, y otro a\u00f1o despu\u00e9s [&hellip;]<!-- AddThis Advanced Settings generic via filter on get_the_excerpt --><!-- AddThis Share Buttons generic via filter on get_the_excerpt --><\/p>\n","protected":false},"author":49,"featured_media":0,"comment_status":"open","ping_status":"closed","sticky":false,"template":"","format":"standard","meta":[],"categories":[13],"tags":[1223,78,1224,1047,622],"_links":{"self":[{"href":"https:\/\/blogs.hoy.es\/moterosdehoy\/wp-json\/wp\/v2\/posts\/2564"}],"collection":[{"href":"https:\/\/blogs.hoy.es\/moterosdehoy\/wp-json\/wp\/v2\/posts"}],"about":[{"href":"https:\/\/blogs.hoy.es\/moterosdehoy\/wp-json\/wp\/v2\/types\/post"}],"author":[{"embeddable":true,"href":"https:\/\/blogs.hoy.es\/moterosdehoy\/wp-json\/wp\/v2\/users\/49"}],"replies":[{"embeddable":true,"href":"https:\/\/blogs.hoy.es\/moterosdehoy\/wp-json\/wp\/v2\/comments?post=2564"}],"version-history":[{"count":5,"href":"https:\/\/blogs.hoy.es\/moterosdehoy\/wp-json\/wp\/v2\/posts\/2564\/revisions"}],"predecessor-version":[{"id":2571,"href":"https:\/\/blogs.hoy.es\/moterosdehoy\/wp-json\/wp\/v2\/posts\/2564\/revisions\/2571"}],"wp:attachment":[{"href":"https:\/\/blogs.hoy.es\/moterosdehoy\/wp-json\/wp\/v2\/media?parent=2564"}],"wp:term":[{"taxonomy":"category","embeddable":true,"href":"https:\/\/blogs.hoy.es\/moterosdehoy\/wp-json\/wp\/v2\/categories?post=2564"},{"taxonomy":"post_tag","embeddable":true,"href":"https:\/\/blogs.hoy.es\/moterosdehoy\/wp-json\/wp\/v2\/tags?post=2564"}],"curies":[{"name":"wp","href":"https:\/\/api.w.org\/{rel}","templated":true}]}}