{"id":2572,"date":"2018-09-14T11:28:29","date_gmt":"2018-09-14T11:28:29","guid":{"rendered":"http:\/\/blogs.hoy.es\/moterosdehoy\/?p=2572"},"modified":"2022-06-01T15:43:59","modified_gmt":"2022-06-01T15:43:59","slug":"xii-concentracion-buitres-leonaos-en-caceres","status":"publish","type":"post","link":"https:\/\/blogs.hoy.es\/moterosdehoy\/2018\/09\/14\/xii-concentracion-buitres-leonaos-en-caceres\/","title":{"rendered":"XII Concentraci\u00f3n Buitres Leonaos en C\u00e1ceres"},"content":{"rendered":"<h3>Son muchos los clubes de motos, pero no todos cuentan con la misma trayectoria e historia. \u00c9ste fin de semana contamos con la d\u00e9cimo segunda concentraci\u00f3n internacional de motos &#8220;<a href=\"http:\/\/buitresleonaos.com\/\" rel=\"external nofollow\">Buitres Leonaos<\/a>&#8220;, como siempre en <a href=\"https:\/\/www.ayto-caceres.es\/turismo\/\" rel=\"external nofollow\">C\u00e1ceres<\/a>, pero en \u00e9sta edici\u00f3n con nueva ubicaci\u00f3n.<\/h3>\n<p><a href=\"https:\/\/static-blogs.hoy.es\/wp-content\/uploads\/sites\/45\/2018\/09\/2018-09-C\u00e1ceres-Buitres-Leonaos.jpg\"><img loading=\"lazy\" class=\"alignleft size-medium wp-image-2573\" src=\"https:\/\/static-blogs.hoy.es\/wp-content\/uploads\/sites\/45\/2018\/09\/2018-09-C\u00e1ceres-Buitres-Leonaos-205x300.jpg\" alt=\"cartelverticalescudo\" width=\"205\" height=\"300\" srcset=\"https:\/\/static-blogs.hoy.es\/wp-content\/uploads\/sites\/45\/2018\/09\/2018-09-C\u00e1ceres-Buitres-Leonaos-205x300.jpg 205w, https:\/\/static-blogs.hoy.es\/wp-content\/uploads\/sites\/45\/2018\/09\/2018-09-C\u00e1ceres-Buitres-Leonaos-768x1124.jpg 768w, https:\/\/static-blogs.hoy.es\/wp-content\/uploads\/sites\/45\/2018\/09\/2018-09-C\u00e1ceres-Buitres-Leonaos-700x1024.jpg 700w, https:\/\/static-blogs.hoy.es\/wp-content\/uploads\/sites\/45\/2018\/09\/2018-09-C\u00e1ceres-Buitres-Leonaos.jpg 936w\" sizes=\"(max-width: 205px) 100vw, 205px\" \/><\/a>Es de suponer que todo el que lea \u00e9ste posts sabr\u00e1 que al hablar de &#8220;Buitres Leonaos&#8221; nos referimos\u00a0a un club de motos asentado en C\u00e1ceres, de ah\u00ed su nombre, para \u00e9sta ocasi\u00f3n han bautizado el evento con el nombre de\u00a0XII CONCENTRACI\u00d3N MOTERA BUITRES LEONAOS 2018 BIKER SUMMER END FEST, que tendr\u00e1 lugar <strong>del 13 al 16 de septiembre<\/strong>, aclarado \u00e9sto os presento el programa:<\/p>\n<p style=\"background: white; margin: 0cm 0cm 4.5pt 0cm;\"><span style=\"font-size: 10.5pt; font-family: 'Helvetica','sans-serif'; color: #1d2129;\">JUEVES 13 DE SEPTIEMBRE<br \/>\n&#8211; 18:00 Apertura Inscripciones.<br \/>\n&#8211; 18:30 Ruta por C\u00e1ceres en grupos.<br \/>\n&#8211; 22:00 Comienzo del festival \u201cBIKER SUMMER END FEST\u201d.<br \/>\n&#8211; 22:00 LA PATERA, banda tributo a Marea.<br \/>\n&#8211; 23:30 PROMETEO, cover band Extremoduro.<\/span><\/p>\n<p style=\"background: white; margin: 4.5pt 0cm 4.5pt 0cm;\"><span style=\"font-size: 10.5pt; font-family: 'Helvetica','sans-serif'; color: #1d2129;\">VIERNES 14 DE SEPTIEMBRE<br \/>\n&#8211; 10:00 Apertura Inscripciones.<br \/>\n&#8211; 11:30 Ruta por C\u00e1ceres. Subida al Santuario de la Monta\u00f1a \u2013 visita al Nido del Buitre.<br \/>\n&#8211; 22:00 Comienzo Conciertos: FITOMAN\u00cdA, GATOS LOCOS, IV CUATRO, DJ M\u00daSICA ROCK.<\/span><\/p>\n<p style=\"background: white; margin: 4.5pt 0cm 4.5pt 0cm;\"><span style=\"font-size: 10.5pt; font-family: 'Helvetica','sans-serif'; color: #1d2129;\">S\u00c1BADO 15 DE SEPTIEMBRE<br \/>\n&#8211; 09:00 a 10:30 Desayuno en Churrer\u00eda San Blas (Calle Osa Mayor).<br \/>\n&#8211; 11:00 Ruta por C\u00e1ceres y consumici\u00f3n.<br \/>\n&#8211; 14:30 Comida en el recinto de la concentraci\u00f3n.<br \/>\n&#8211; 15:00 Matin\u00e9 con la actuaci\u00f3n de BOOGALOO BANDA, en versi\u00f3n Rebel Three.<br \/>\n&#8211; Drifting S\u00e1bado por la tarde.<br \/>\n&#8211; 19:00 Camino de la vida. Mar\u00eda Elsi, insigne viajera, nos contar\u00e1 sus peripecias por medio mundo.<br \/>\n&#8211; 22:00 Mejor Tattoo inscrito\/a (premio: tattoo valorado en 200 euros gentileza de Wizard Tattoo).<br \/>\n&#8211; 21:00 Cena en el recinto de la concentraci\u00f3n.<br \/>\n&#8211; 22:00 Comienzo conciertos: MARCOS ELVIS (como maestro de ceremonias), KAPIT\u00c1N MEMO, LUCKY DADOS, SRTA. SILLER, JIMMY BARNAT\u00c1N AND THE COCOONERS. Y a\u00fan nos reservamos alguna sorpresa.<\/span><\/p>\n<p style=\"background: white; margin: 4.5pt 0cm 4.5pt 0cm;\"><span style=\"font-size: 10.5pt; font-family: 'Helvetica','sans-serif'; color: #1d2129;\">DOMINGO 16 DE SEPTIEMBRE<br \/>\n&#8211; 09:00 a 11:00 Desayuno.<br \/>\n&#8211; 11:00 Ruta hasta Malpartida de C\u00e1ceres (visita al museo Vostell y aperitivo en la plaza).<br \/>\n&#8211; 14:30 Comida en el recinto de la concentraci\u00f3n. Sorteos y entrega de regalos.<br \/>\n&#8211; 15:00 MARCOS ELVIS.<br \/>\n&#8211; 17:00 Despedida y cierre.<\/span><\/p>\n<p style=\"background: white; margin: 4.5pt 0cm 4.5pt 0cm;\">Como ellos dicen, puede haber alg\u00fan cambio o sorpresa de \u00faltima hora.<\/p>\n<p style=\"background: white; margin: 4.5pt 0cm 4.5pt 0cm;\">Tienen una inscripci\u00f3n de <strong>30 euros<\/strong> (voluntaria), en la que incluye 5 comidas, 8 cervezas, aperitivos, entrada al museo Vostell, camiseta, pin, bolsa, pegatina, zona de acampada, descuentos en las consumiciones del recinto y alguna cosilla m\u00e1s.\u00a0Si s\u00f3lo quieres acudir para ver los conciertos tiene entrada gratuita, pero recuerda que \u00e9sta vez han cambiado de ubicaci\u00f3n, se han desplazado al recinto h\u00edpico de C\u00e1ceres.<\/p>\n<p style=\"background: white; margin: 4.5pt 0cm 4.5pt 0cm;\">De seguro que ser\u00e1 un buen fin de semana, disfruta del viaje recuerda que vas en moto, lo importante es llegar da igual cuando, la cerveza seguir\u00e1 fr\u00eda.<\/p>\n<p style=\"background: white; margin: 4.5pt 0cm 4.5pt 0cm;\">Saludos y r\u00e1fagas.<\/p>\n<!-- AddThis Advanced Settings generic via filter on the_content --><!-- AddThis Share Buttons generic via filter on the_content -->","protected":false},"excerpt":{"rendered":"<p>Son muchos los clubes de motos, pero no todos cuentan con la misma trayectoria e historia. \u00c9ste fin de semana contamos con la d\u00e9cimo segunda concentraci\u00f3n internacional de motos &#8220;Buitres Leonaos&#8220;, como siempre en C\u00e1ceres, pero en \u00e9sta edici\u00f3n con nueva ubicaci\u00f3n. Es de suponer que todo el que lea \u00e9ste posts sabr\u00e1 que al [&hellip;]<!-- AddThis Advanced Settings generic via filter on get_the_excerpt --><!-- AddThis Share Buttons generic via filter on get_the_excerpt --><\/p>\n","protected":false},"author":49,"featured_media":0,"comment_status":"open","ping_status":"closed","sticky":false,"template":"","format":"standard","meta":[],"categories":[13],"tags":[1225,1227,120,622,1226],"_links":{"self":[{"href":"https:\/\/blogs.hoy.es\/moterosdehoy\/wp-json\/wp\/v2\/posts\/2572"}],"collection":[{"href":"https:\/\/blogs.hoy.es\/moterosdehoy\/wp-json\/wp\/v2\/posts"}],"about":[{"href":"https:\/\/blogs.hoy.es\/moterosdehoy\/wp-json\/wp\/v2\/types\/post"}],"author":[{"embeddable":true,"href":"https:\/\/blogs.hoy.es\/moterosdehoy\/wp-json\/wp\/v2\/users\/49"}],"replies":[{"embeddable":true,"href":"https:\/\/blogs.hoy.es\/moterosdehoy\/wp-json\/wp\/v2\/comments?post=2572"}],"version-history":[{"count":1,"href":"https:\/\/blogs.hoy.es\/moterosdehoy\/wp-json\/wp\/v2\/posts\/2572\/revisions"}],"predecessor-version":[{"id":2574,"href":"https:\/\/blogs.hoy.es\/moterosdehoy\/wp-json\/wp\/v2\/posts\/2572\/revisions\/2574"}],"wp:attachment":[{"href":"https:\/\/blogs.hoy.es\/moterosdehoy\/wp-json\/wp\/v2\/media?parent=2572"}],"wp:term":[{"taxonomy":"category","embeddable":true,"href":"https:\/\/blogs.hoy.es\/moterosdehoy\/wp-json\/wp\/v2\/categories?post=2572"},{"taxonomy":"post_tag","embeddable":true,"href":"https:\/\/blogs.hoy.es\/moterosdehoy\/wp-json\/wp\/v2\/tags?post=2572"}],"curies":[{"name":"wp","href":"https:\/\/api.w.org\/{rel}","templated":true}]}}