{"id":2575,"date":"2018-09-19T17:17:44","date_gmt":"2018-09-19T17:17:44","guid":{"rendered":"http:\/\/blogs.hoy.es\/moterosdehoy\/?p=2575"},"modified":"2022-06-01T15:43:52","modified_gmt":"2022-06-01T15:43:52","slug":"convivencia-motera-solidaria-en-oliva-de-merida","status":"publish","type":"post","link":"https:\/\/blogs.hoy.es\/moterosdehoy\/2018\/09\/19\/convivencia-motera-solidaria-en-oliva-de-merida\/","title":{"rendered":"Convivencia motera solidaria en Oliva de M\u00e9rida"},"content":{"rendered":"<p>Hemos regresado de las vacaciones, la vida contin\u00faa, para unos muy bien, otros querr\u00e1n morirse. Algunos moteros no se han bajado de la moto en el verano, otros han llegado a casa y han visto una cosa con ruedas en el garaje bajo algo que la tapaba y resulta ser una moto.<\/p>\n<p><a href=\"https:\/\/static-blogs.hoy.es\/wp-content\/uploads\/sites\/45\/2018\/09\/2018-09-Oliva-de-Merida.jpg\"><img loading=\"lazy\" class=\"alignleft size-medium wp-image-2576\" src=\"https:\/\/static-blogs.hoy.es\/wp-content\/uploads\/sites\/45\/2018\/09\/2018-09-Oliva-de-Merida-225x300.jpg\" alt=\"2018-09-oliva-de-merida\" width=\"225\" height=\"300\" srcset=\"https:\/\/static-blogs.hoy.es\/wp-content\/uploads\/sites\/45\/2018\/09\/2018-09-Oliva-de-Merida-225x300.jpg 225w, https:\/\/static-blogs.hoy.es\/wp-content\/uploads\/sites\/45\/2018\/09\/2018-09-Oliva-de-Merida-768x1024.jpg 768w, https:\/\/static-blogs.hoy.es\/wp-content\/uploads\/sites\/45\/2018\/09\/2018-09-Oliva-de-Merida.jpg 1200w\" sizes=\"(max-width: 225px) 100vw, 225px\" \/><\/a>Para todos ellos, aqu\u00ed llega\u00a0la <strong>I Convivencia motera solidaria en Oliva de M\u00e9rida<\/strong> (Badajoz), el nombre tiene todo lo necesario para atraer moteros:\u00a0convivencia, motera, y solidaria, que m\u00e1s se puede pedir.<\/p>\n<p>Tendr\u00e1 lugar los d\u00edas <strong>22 y 23 de septiembre<\/strong>, como su nombre indica en <a href=\"https:\/\/es.wikipedia.org\/wiki\/Oliva_de_M%C3%A9rida\" rel=\"external nofollow\">Oliva de M\u00e9rida<\/a>, con una inscripci\u00f3n de 15 euros para los dos d\u00edas y 12 para s\u00f3lo domingo.<\/p>\n<p>El evento comenzar\u00e1 el s\u00e1bado a las 17 horas, en el propio cartel est\u00e1 disponible toda la programaci\u00f3n con sus horarios. Entre sus actividades hay rutas, zona de acampada, discoteca, acceso a piscina, comida de hermandad, entrega de trofeos y regalos.<\/p>\n<p>En definitiva un fin de semana motero para conocer nueva gente o encontrarse con los amigos, que adem\u00e1s tiene la ruta del domingo por la ma\u00f1ana acertada, la carretera que une las localidades de Palomas y <a href=\"http:\/\/www.alange.es\/\" rel=\"external nofollow\">Alange<\/a> es muy bonita, rodando junto al pantano y viendo desde bien lejos el <a href=\"http:\/\/www.turismoextremadura.com\/viajar\/turismo\/es\/explora\/Castillo-de-Alange_1924203554\/\" rel=\"external nofollow\">Castillo de Alange<\/a>. S\u00f3lo comentar que hay un par de curvillas que en los dos \u00faltimos a\u00f1os se nos han ido un par de compa\u00f1eros, recuerda que se trata de llegar, no hace falta ser el primero.<\/p>\n<p>Saludos y r\u00e1fagas.<\/p>\n<!-- AddThis Advanced Settings generic via filter on the_content --><!-- AddThis Share Buttons generic via filter on the_content -->","protected":false},"excerpt":{"rendered":"<p>Hemos regresado de las vacaciones, la vida contin\u00faa, para unos muy bien, otros querr\u00e1n morirse. Algunos moteros no se han bajado de la moto en el verano, otros han llegado a casa y han visto una cosa con ruedas en el garaje bajo algo que la tapaba y resulta ser una moto. Para todos ellos, [&hellip;]<!-- AddThis Advanced Settings generic via filter on get_the_excerpt --><!-- AddThis Share Buttons generic via filter on get_the_excerpt --><\/p>\n","protected":false},"author":49,"featured_media":0,"comment_status":"open","ping_status":"closed","sticky":false,"template":"","format":"standard","meta":[],"categories":[13],"tags":[1228,382,618,622,664,1229],"_links":{"self":[{"href":"https:\/\/blogs.hoy.es\/moterosdehoy\/wp-json\/wp\/v2\/posts\/2575"}],"collection":[{"href":"https:\/\/blogs.hoy.es\/moterosdehoy\/wp-json\/wp\/v2\/posts"}],"about":[{"href":"https:\/\/blogs.hoy.es\/moterosdehoy\/wp-json\/wp\/v2\/types\/post"}],"author":[{"embeddable":true,"href":"https:\/\/blogs.hoy.es\/moterosdehoy\/wp-json\/wp\/v2\/users\/49"}],"replies":[{"embeddable":true,"href":"https:\/\/blogs.hoy.es\/moterosdehoy\/wp-json\/wp\/v2\/comments?post=2575"}],"version-history":[{"count":1,"href":"https:\/\/blogs.hoy.es\/moterosdehoy\/wp-json\/wp\/v2\/posts\/2575\/revisions"}],"predecessor-version":[{"id":2577,"href":"https:\/\/blogs.hoy.es\/moterosdehoy\/wp-json\/wp\/v2\/posts\/2575\/revisions\/2577"}],"wp:attachment":[{"href":"https:\/\/blogs.hoy.es\/moterosdehoy\/wp-json\/wp\/v2\/media?parent=2575"}],"wp:term":[{"taxonomy":"category","embeddable":true,"href":"https:\/\/blogs.hoy.es\/moterosdehoy\/wp-json\/wp\/v2\/categories?post=2575"},{"taxonomy":"post_tag","embeddable":true,"href":"https:\/\/blogs.hoy.es\/moterosdehoy\/wp-json\/wp\/v2\/tags?post=2575"}],"curies":[{"name":"wp","href":"https:\/\/api.w.org\/{rel}","templated":true}]}}