{"id":2578,"date":"2018-09-20T22:38:31","date_gmt":"2018-09-20T22:38:31","guid":{"rendered":"http:\/\/blogs.hoy.es\/moterosdehoy\/?p=2578"},"modified":"2022-06-01T15:43:43","modified_gmt":"2022-06-01T15:43:43","slug":"ix-ruta-motera-ciudad-de-trujillo","status":"publish","type":"post","link":"https:\/\/blogs.hoy.es\/moterosdehoy\/2018\/09\/20\/ix-ruta-motera-ciudad-de-trujillo\/","title":{"rendered":"IX Ruta motera Ciudad de Trujillo"},"content":{"rendered":"<p>El grupo motero \u201cTurgalium\u201d de la localidad de\u00a0<a href=\"https:\/\/es.wikipedia.org\/wiki\/Trujillo_(Espa%C3%B1a)\" rel=\"external nofollow\">Trujillo<\/a>\u00a0(C\u00e1ceres), nos ha vuelto a preparar una ruta, ser\u00e1 el fin de semana del\u00a0<strong>22 y 23 de septiembre<\/strong>.<\/p>\n<p><a href=\"https:\/\/static-blogs.hoy.es\/wp-content\/uploads\/sites\/45\/2018\/09\/2018-09-Trujillo.jpg\"><img loading=\"lazy\" class=\"alignleft size-medium wp-image-2579\" src=\"https:\/\/static-blogs.hoy.es\/wp-content\/uploads\/sites\/45\/2018\/09\/2018-09-Trujillo-214x300.jpg\" alt=\"2018-09-trujillo\" width=\"214\" height=\"300\" srcset=\"https:\/\/static-blogs.hoy.es\/wp-content\/uploads\/sites\/45\/2018\/09\/2018-09-Trujillo-214x300.jpg 214w, https:\/\/static-blogs.hoy.es\/wp-content\/uploads\/sites\/45\/2018\/09\/2018-09-Trujillo.jpg 685w\" sizes=\"(max-width: 214px) 100vw, 214px\" \/><\/a>La concentraci\u00f3n motera comenzar\u00e1 a las 14:00 horas del\u00a0<strong>s\u00e1bado<\/strong>\u00a0en la Plaza Mayor de la localidad,\u00a0por la tarde habr\u00e1 ruta, y por la noche cena y fiesta.<\/p>\n<p>El\u00a0<strong>domingo<\/strong>\u00a0comenzar\u00e1 a las 10:0 h, de nuevo con venta de inscripciones, seguido de ruta, pincho, comida&#8230;<\/p>\n<p>Se trata de una concentraci\u00f3n en un lugar m\u00e1s que digno de ver, por lo que adem\u00e1s de contar con la concentraci\u00f3n motera, dispones de\u00a0su Plaza Mayor, numerosos edificios religiosos y militares, Palacios, y casas fuertes que puedes visitar.<\/p>\n<p>En el cartel\u00a0figuran detallados los precios de los pinchos en las paradas, comidas\u2026<\/p>\n<p>Por comentar algo de culturilla, decir que el nombre de Turgalium proviene de la propia historia de\u00a0<a href=\"http:\/\/www.trujillo.es\/\" rel=\"external nofollow\">Trujillo<\/a>, pues en la \u00e9poca romana era el gentilicio que recib\u00edan sus pobladores.<\/p>\n<p>Si quieres ver m\u00e1s eventos moteros de septiembre <a href=\"http:\/\/www.moterosdehoy.es\/2018\/08\/28\/concentraciones-y-kdds-septiembre-2018\/\" rel=\"external nofollow\">clic aqu\u00ed<\/a>.<\/p>\n<p>Saludos y r\u00e1fagas.<\/p>\n<!-- AddThis Advanced Settings generic via filter on the_content --><!-- AddThis Share Buttons generic via filter on the_content -->","protected":false},"excerpt":{"rendered":"<p>El grupo motero \u201cTurgalium\u201d de la localidad de\u00a0Trujillo\u00a0(C\u00e1ceres), nos ha vuelto a preparar una ruta, ser\u00e1 el fin de semana del\u00a022 y 23 de septiembre. La concentraci\u00f3n motera comenzar\u00e1 a las 14:00 horas del\u00a0s\u00e1bado\u00a0en la Plaza Mayor de la localidad,\u00a0por la tarde habr\u00e1 ruta, y por la noche cena y fiesta. El\u00a0domingo\u00a0comenzar\u00e1 a las 10:0 [&hellip;]<!-- AddThis Advanced Settings generic via filter on get_the_excerpt --><!-- AddThis Share Buttons generic via filter on get_the_excerpt --><\/p>\n","protected":false},"author":49,"featured_media":0,"comment_status":"open","ping_status":"closed","sticky":false,"template":"","format":"standard","meta":[],"categories":[13],"tags":[382,618,622,664,1230,1123],"_links":{"self":[{"href":"https:\/\/blogs.hoy.es\/moterosdehoy\/wp-json\/wp\/v2\/posts\/2578"}],"collection":[{"href":"https:\/\/blogs.hoy.es\/moterosdehoy\/wp-json\/wp\/v2\/posts"}],"about":[{"href":"https:\/\/blogs.hoy.es\/moterosdehoy\/wp-json\/wp\/v2\/types\/post"}],"author":[{"embeddable":true,"href":"https:\/\/blogs.hoy.es\/moterosdehoy\/wp-json\/wp\/v2\/users\/49"}],"replies":[{"embeddable":true,"href":"https:\/\/blogs.hoy.es\/moterosdehoy\/wp-json\/wp\/v2\/comments?post=2578"}],"version-history":[{"count":1,"href":"https:\/\/blogs.hoy.es\/moterosdehoy\/wp-json\/wp\/v2\/posts\/2578\/revisions"}],"predecessor-version":[{"id":2580,"href":"https:\/\/blogs.hoy.es\/moterosdehoy\/wp-json\/wp\/v2\/posts\/2578\/revisions\/2580"}],"wp:attachment":[{"href":"https:\/\/blogs.hoy.es\/moterosdehoy\/wp-json\/wp\/v2\/media?parent=2578"}],"wp:term":[{"taxonomy":"category","embeddable":true,"href":"https:\/\/blogs.hoy.es\/moterosdehoy\/wp-json\/wp\/v2\/categories?post=2578"},{"taxonomy":"post_tag","embeddable":true,"href":"https:\/\/blogs.hoy.es\/moterosdehoy\/wp-json\/wp\/v2\/tags?post=2578"}],"curies":[{"name":"wp","href":"https:\/\/api.w.org\/{rel}","templated":true}]}}