{"id":258,"date":"2012-08-23T22:45:50","date_gmt":"2012-08-23T22:45:50","guid":{"rendered":"http:\/\/blogs.hoy.es\/moterosdehoy\/?p=258"},"modified":"2012-08-23T22:45:50","modified_gmt":"2012-08-23T22:45:50","slug":"concentraciones-moteras-en-septiembre-2012","status":"publish","type":"post","link":"https:\/\/blogs.hoy.es\/moterosdehoy\/2012\/08\/23\/concentraciones-moteras-en-septiembre-2012\/","title":{"rendered":"Concentraciones moteras en septiembre 2012"},"content":{"rendered":"<h3 style=\"text-align: justify;\">Aqu\u00ed os dejo las principales concentraciones y kedadas moteras para septiembre, como pod\u00e9is ver hay muchas e ir\u00e9 a\u00f1adiendo m\u00e1s. Est\u00e1n separadas primero las de dentro de Extremadura y luego las dem\u00e1s.<\/h3>\n<p>&nbsp;<\/p>\n<h2 style=\"text-align: justify;\"><span style=\"text-decoration: underline;\">Relaci\u00f3n de concentraciones y quedadas moteras a lo largo de\u00a0<strong>septiembre<\/strong>\u00a02012 dentro de\u00a0<strong>Extremadura<\/strong>:<\/span><\/h2>\n<p style=\"text-align: justify;\">D\u00edas <strong>7 al 9<\/strong> \u2013 <a title=\"Concentraci\u00f3n motera en C\u00f3ria\" href=\"https:\/\/blogs.hoy.es\/moterosdehoy\/2012\/08\/28\/concentracion-motera-coria-2012\/\" target=\"_blank\">Concentraci\u00f3n motera \u201cLa de Coria\u201d<\/a>, en C\u00f3ria (<strong>C\u00e1ceres<\/strong>) &#8211; Especial Custom<\/p>\n<p style=\"text-align: justify;\">D\u00edas<strong>\u00a015 y 16<\/strong> \u2013\u00a0<a title=\"III Encuentro moteros-motoristas\" href=\"https:\/\/blogs.hoy.es\/moterosdehoy\/2012\/08\/27\/iii-encuentro-moteros-motoristas-en-merida\/\" target=\"_blank\">III Encuentro de moteros motoristas<\/a>, en la Escuela de Tr\u00e1fico de la Guardia Civil de M\u00e9rida (<strong>Badajoz<\/strong>)<\/p>\n<p style=\"text-align: justify;\">D\u00edas<strong>\u00a021 al 23<\/strong> \u2013 <a title=\"IV Concentraci\u00f3n motera Buitres Leonaos\" href=\"https:\/\/blogs.hoy.es\/moterosdehoy\/2012\/09\/05\/vi-concentracion-buitres-leonaos-caceres\/\" target=\"_blank\">VI Concentraci\u00f3n internacional Buitres Leonaos<\/a>, en <strong>C\u00e1ceres<\/strong>.<\/p>\n<p style=\"text-align: justify;\">D\u00eda <strong>30<\/strong> &#8211; <a title=\"II Reuni\u00f3n motera El Pist\u00f3n Bellotero\" href=\"https:\/\/blogs.hoy.es\/moterosdehoy\/2012\/09\/15\/ii-reunion-motera-en-navalvillar-de-pela-badajoz\/\" target=\"_blank\">II Reuni\u00f3n motera El Pist\u00f3n Bellotero<\/a>, en Navalvillar de Pela (<strong>Badajoz<\/strong>)<\/p>\n<p style=\"text-align: justify;\">D\u00eda <strong>30<\/strong> &#8211;\u00a0<a title=\"I Convivencia Varadero-Custratur VARAVERA\" href=\"https:\/\/blogs.hoy.es\/moterosdehoy\/2012\/09\/20\/i-convivencia-varadero-custratur-varavera\/\" target=\"_blank\">I Convivencia Varadero-Custratur &#8220;VARAVERA&#8221;<\/a>, punto de partida Talayuela (<strong>C\u00e1ceres<\/strong>)<\/p>\n<p style=\"text-align: justify;\"><a href=\"\/moterosdehoy\/wp-content\/uploads\/sites\/45\/2012\/08\/417386_2898117463506_191489004_n.jpg\"><img loading=\"lazy\" class=\"aligncenter size-medium wp-image-259\" title=\"Chicas moteras\" src=\"\/moterosdehoy\/wp-content\/uploads\/sites\/45\/2012\/08\/417386_2898117463506_191489004_n.jpg\" alt=\"\" width=\"300\" height=\"199\" srcset=\"https:\/\/static-blogs.hoy.es\/wp-content\/uploads\/sites\/45\/2012\/08\/417386_2898117463506_191489004_n.jpg 720w, https:\/\/static-blogs.hoy.es\/wp-content\/uploads\/sites\/45\/2012\/08\/417386_2898117463506_191489004_n-300x200.jpg 300w\" sizes=\"(max-width: 300px) 100vw, 300px\" \/><\/a><\/p>\n<h2 style=\"text-align: justify;\"><span style=\"text-decoration: underline;\">Concentraciones y quedadas moteras a lo largo de\u00a0<strong>septiembre<\/strong>\u00a02012\u00a0<strong>fuera de Extremadura<\/strong>:<\/span><\/h2>\n<p><strong>Todos los fines de semana de Septiembre<\/strong> &#8211; <a title=\"Kedadas del amor\" href=\"https:\/\/blogs.hoy.es\/moterosdehoy\/2012\/08\/31\/kedadas-del-amor\/\">Kedadas del amor en el escoc\u00e9s errante<\/a>, en Cepeda de la Mora (<strong>\u00c1vila<\/strong>)<\/p>\n<p style=\"text-align: justify;\">D\u00edas <strong>31 de agosto, y 1 y 2 de septiembre<\/strong> \u2013 <a title=\"XV Concentraci\u00f3n motera Coyotes\" href=\"http:\/\/www.tumotoweb.com\/destacada.php?id=2033\" target=\"_blank\" rel=\"external nofollow\">XV Concentraci\u00f3n Coyotes Malaga<\/a>, en Fuerte Nag\u00fceles, Marbella (<strong>M\u00e1laga<\/strong>)<\/p>\n<p style=\"text-align: justify;\">D\u00edas <strong>31, 1 y 2<\/strong> &#8211; <a title=\"I Kedada motoskandalo\" href=\"http:\/\/www.voydeconcentracion.com\/2012\/08\/i-kedada-motoskandalo-en-benalup-casas.html\" target=\"_blank\" rel=\"external nofollow\">I Kedada motoskandalo<\/a>, en Benalup casas viejas (<strong>C\u00e1diz<\/strong>)<!--more--><\/p>\n<p style=\"text-align: justify;\">D\u00eda\u00a0<strong>31 y<\/strong>\u00a0<strong>1<\/strong>\u00a0\u2013\u00a0<a title=\"II Concentraci\u00f3n motera en Yuncos\" href=\"http:\/\/eventosmoterosyconcentraciones.blogspot.com.es\/2012\/07\/ii-concentracion-motera-de-yuncos.html\" target=\"_blank\" rel=\"external nofollow\">II Concentraci\u00f3n motera de Yuncos<\/a>, en Yuncos (<strong>Toledo<\/strong>)<\/p>\n<p style=\"text-align: justify;\">D\u00eda <strong>1<\/strong> \u2013 <a title=\"Kedada del motoclub Reveyeku\" href=\"http:\/\/www.facebook.com\/events\/312876072114986\/\" target=\"_blank\" rel=\"external nofollow\">I Kedada motoclub Reveyeku<\/a>, en Vega de Sariago (<strong>Asturias<\/strong>)<\/p>\n<p style=\"text-align: justify;\">D\u00eda <strong>1<\/strong>&#8211; <a title=\"IV Concentraci\u00f3n motera Ossomotoclub\" href=\"http:\/\/www.facebook.com\/events\/409798115744538\/\" target=\"_blank\" rel=\"external nofollow\">IV Concentraci\u00f3n motera Ossomotoclub<\/a>, en Osso de Cinca (<strong>Huesca<\/strong>)<\/p>\n<p style=\"text-align: justify;\">D\u00edas <strong>1 y 2<\/strong> &#8211; <a title=\"Concentraci\u00f3n motera Gremlim's Motril\" href=\"http:\/\/www.tumotoweb.com\/destacada.php?id=2043\" target=\"_blank\" rel=\"external nofollow\">XX Concentraci\u00f3n Gremlin&#8217;s Motril<\/a>, en Plaza de toros de Motril (<strong>Huelva<\/strong>)<\/p>\n<p style=\"text-align: justify;\">D\u00eda <strong>1 y 2<\/strong> \u2013 <a title=\"XVII Concentraci\u00f3n Festes de L'Arr\u00f3s\" href=\"http:\/\/www.kmcero.es\/concent_em_comu.html?id=1772&#038;desde=C\" target=\"_blank\" rel=\"external nofollow\">XVII Concentraci\u00f3n Festes de L\u2019Arr\u00f3s<\/a>, en Sueca (<strong>Valencia<\/strong>)<\/p>\n<p style=\"text-align: justify;\">D\u00edas <strong>1 y 2<\/strong> &#8211; <a title=\"I Aventura en moto Campturis\" href=\"http:\/\/campturis.com\/\" target=\"_blank\" rel=\"external nofollow\">I Aventura en moto Campturis<\/a>, en Miranda de Ebro (<strong>Burgos<\/strong>)<\/p>\n<p style=\"text-align: justify;\">D\u00eda <strong>2<\/strong> \u2013 <a title=\"II Biker Show\" href=\"http:\/\/www.tumotoweb.com\/destacada.php?id=2117\" target=\"_blank\" rel=\"external nofollow\">II\u00a0Costa blanca bike show, en Albir<\/a>, Alfas de Pi (<strong>Alicante<\/strong>)<\/p>\n<p style=\"text-align: justify;\">D\u00eda <strong>2<\/strong> &#8211; <a title=\"Reuni\u00f3n motera ben\u00e9fica\" href=\"http:\/\/www.voydeconcentracion.com\/2012\/08\/reunion-motera-benefica-paula-canadilla.html\" target=\"_blank\" rel=\"external nofollow\">Reuni\u00f3n motera ben\u00e9fica Paula Ca\u00f1adilla Garc\u00eda<\/a>, en Castro del R\u00edo (<strong>C\u00f3rdoba<\/strong>)<\/p>\n<p style=\"text-align: justify;\">D\u00eda <strong>2<\/strong> &#8211; <a title=\"I Reuni\u00f3n motera\" href=\"http:\/\/www.tumotoweb.com\/destacada.php?id=2113\" target=\"_blank\" rel=\"external nofollow\">I Reuni\u00f3n motera en Villafranco de C\u00f3rdoba<\/a> (<strong>C\u00f3rdoba<\/strong>)<\/p>\n<p style=\"text-align: justify;\">D\u00eda <strong>2<\/strong> &#8211; <a title=\"III Concentraci\u00f3n motera\" href=\"http:\/\/aguiluchosmc.files.wordpress.com\/2011\/07\/cartel-iii-reunion-motera-aguiluchos-2012-final.jpg\" target=\"_blank\" rel=\"external nofollow\">III Concentraci\u00f3n motera, en El Llano de Flores<\/a>, \u00c1lora (<strong>Malaga<\/strong>)<\/p>\n<p style=\"text-align: justify;\">D\u00edas <strong>6, 7, 8 y 9<\/strong> &#8211; <a title=\"I Concentraci\u00f3n Internacional en La Nucia\" href=\"http:\/\/motoclubgaditano.foroactivo.com\/t2206-intermoto-la-nucia-2012\" target=\"_blank\" rel=\"external nofollow\">I Concentraci\u00f3n Internacional<\/a> en <a title=\"Cartel de la concentraci\u00f3n\" href=\"http:\/\/www.motored.es\/calendar\/event\/431725\" target=\"_blank\" rel=\"external nofollow\">La Nucia<\/a> (<strong>Alicante<\/strong>)<\/p>\n<p style=\"text-align: justify;\">D\u00edas <strong>6, 7, 8 y 9<\/strong> &#8211; <a title=\"XXIX Concentraci\u00f3n Big Twin\" href=\"http:\/\/www.planetacustom.es\/index.php?it=7&#038;evn=184\" target=\"_blank\" rel=\"external nofollow\">XXIX Concentraci\u00f3n Big Twin<\/a>, en <strong>Castell\u00f3n \u00a0&#8212; <\/strong>Especial Custom<\/p>\n<p style=\"text-align: justify;\">D\u00edas <strong>7, 8 y 9<\/strong> &#8211; <a title=\"Castellon Tattoo Convention\" href=\"http:\/\/www.planetacustom.es\/index.php?it=7&#038;evn=155\" target=\"_blank\" rel=\"external nofollow\">VI Edition international<\/a> &#8220;Castellon Tattoo Convention, en <strong>Castell\u00f3n<\/strong><\/p>\n<p style=\"text-align: justify;\">D\u00edas<strong> 7, 8 y 9<\/strong> &#8211; <a title=\"XXXVI Concentraci\u00f3n motera Jam\u00f3n de Teruel\" href=\"http:\/\/www.tumotoweb.com\/destacada.php?id=2080\" target=\"_blank\" rel=\"external nofollow\">XXXVI Concentraci\u00f3n motera Jam\u00f3n de Teruel<\/a>, en <strong>Teruel<\/strong><\/p>\n<p style=\"text-align: justify;\">D\u00edas <strong>7, 8 y 9<\/strong> &#8211; <a title=\"XXVIII Concentraci\u00f3n moto tur\u00edstica Sanxenxo\" href=\"http:\/\/www.tumotoweb.com\/destacada.php?id=2106\" target=\"_blank\" rel=\"external nofollow\">XXVIII Concentraci\u00f3n moto tur\u00edstica Sanxenxo<\/a> (<strong>Pontevedra<\/strong>)<\/p>\n<p style=\"text-align: justify;\">D\u00eda <strong>8<\/strong> &#8211; <a title=\"VI Aniversario Biker's House\" href=\"http:\/\/www.tumotoweb.com\/destacada.php?id=2163\" target=\"_blank\" rel=\"external nofollow\">VI Aniversario Biker&#8217;s House<\/a>, en M\u00e1rtos (<strong>Ja\u00e9n<\/strong>)<\/p>\n<p style=\"text-align: justify;\">D\u00eda <strong>8<\/strong> &#8211; <a title=\"I Aniversario Indomitos\" href=\"http:\/\/www.planetacustom.es\/index.php?it=7&#038;evn=279\" target=\"_blank\" rel=\"external nofollow\">I Aniversario Indomitos<\/a>, en Santovenia (<strong>Valladolid<\/strong>) &#8211; Especial Custom<\/p>\n<p style=\"text-align: justify;\">D\u00eda <strong>8<\/strong> &#8211; <a title=\"Presentaci\u00f3n art\u00edculos Old School &#038; Bobbers\" href=\"http:\/\/www.planetacustom.es\/index.php?it=7&#038;evn=281\" target=\"_blank\" rel=\"external nofollow\">Presentaci\u00f3n art\u00edculos Old School &#038; Bobbers<\/a>, en Matar\u00f3 (<strong>Barcelona<\/strong>) &#8211; Especial Custom<\/p>\n<p style=\"text-align: justify;\">D\u00edas <strong>8 y 9<\/strong> &#8211; <a title=\"XIX Concentraci\u00f3n de motos El Cuervo\" href=\"http:\/\/www.voydeconcentracion.com\/2012\/07\/xix-concentracion-de-motos-el-cuervo.html\" target=\"_blank\" rel=\"external nofollow\">XIX Concentraci\u00f3n de motos El Cuervo<\/a>, en El Cuervo (<strong>Sevilla<\/strong>) &#8211; Especial Custom<\/p>\n<p style=\"text-align: justify;\">D\u00edas <strong>8 y 9<\/strong> \u2013 <a title=\"VII Concentraci\u00f3n motera de Huete\" href=\"http:\/\/www.contumoto.com\/verEvento.php?IDEvento=375\" target=\"_blank\" rel=\"external nofollow\">VII Concentraci\u00f3n motera de Huete<\/a>, en Huete (<strong>Cuenca<\/strong>)<\/p>\n<p style=\"text-align: justify;\">D\u00edas <strong>8 y 9<\/strong> \u2013 <a title=\"V Concentraci\u00f3n ruta Picos de Europa\" href=\"http:\/\/www.tumotoweb.com\/destacada.php?id=2108\" target=\"_blank\" rel=\"external nofollow\">V Concentraci\u00f3n ruta Picos de Europa<\/a>, en Ri\u00f1ao (<strong>Le\u00f3n<\/strong>)<\/p>\n<p style=\"text-align: justify;\">D\u00eda <strong>9<\/strong> \u2013 <a title=\"I Gran quedada motera Samurai\" href=\"http:\/\/www.concentracionesdemotos.com\/madrid\/septiembre2012.html\" target=\"_blank\" rel=\"external nofollow\">I Gran quedada motera Samurai<\/a>, en la Alameda de Osuna (<strong>Madrid<\/strong>)<\/p>\n<p style=\"text-align: justify;\">D\u00eda <strong>9<\/strong> &#8211; <a title=\"IX Concentraci\u00f3n Halcones Axarqu\u00eda\" href=\"http:\/\/www.tumotoweb.com\/destacada.php?id=2034\" target=\"_blank\" rel=\"external nofollow\">IX Concentraci\u00f3n Halcones Axarquia<\/a>, en Playa de Algarrobo, Costa de M\u00e1laga (<strong>M\u00e1laga<\/strong>)<\/p>\n<p style=\"text-align: justify;\">D\u00eda <strong>9<\/strong> &#8211; <a title=\"Motoalmuerzo Los Bandoleros y Punto\" href=\"http:\/\/www.tumotoweb.com\/destacada.php?id=2138\" target=\"_blank\" rel=\"external nofollow\">II Motoalmuerzo Los Bandoleros y Punto<\/a>, en Villanueva del Trabuco (<strong>M\u00e1laga<\/strong>)<\/p>\n<p style=\"text-align: justify;\">D\u00eda <strong>9<\/strong> &#8211; <a title=\"XI Reuni\u00f3n motera Nueva Carteya\" href=\"http:\/\/www.voydeconcentracion.com\/2012\/08\/xi-reunion-mototuristica-nueva-carteya.html\" target=\"_blank\" rel=\"external nofollow\">XI Reuni\u00f3n mototur\u00edstica<\/a>, en Nueva Carteya (<strong>C\u00f3rdoba<\/strong>)<\/p>\n<p style=\"text-align: justify;\">D\u00eda <strong>9<\/strong> &#8211; <a title=\"X Aniversario motero La Sagra.com\" href=\"http:\/\/www.orgullosodesermotero.com\/index.php\/agosto-10-11-12\/96-concentraciones-2012\/septiembre-2012\/septiembre-7-8-9\/107-x-aniversario-motero-la-sagra-com-en-cobeja-toledo-el-9-septiembre-2012\" target=\"_blank\" rel=\"external nofollow\">X Aniversario motero <\/a>La Sagra.com, en <a title=\"Ubicaci\u00f3n de Cobeja\" href=\"http:\/\/www.bing.com\/maps\/default.aspx?v=2&#038;pc=FACEBK&#038;mid=8100&#038;rtp=adr.~pos.40.0167_-3.85_Cobeja&#038;cp=40.0167~-3.85&#038;lvl=16&#038;sty=r&#038;rtop=0~0~0~&#038;mode=D&#038;FORM=FBKPL1&#038;mkt=es-MX\" target=\"_blank\" rel=\"external nofollow\">Cobeja <\/a>(<strong>Toledo<\/strong>)<\/p>\n<p style=\"text-align: justify;\">D\u00eda <strong>9<\/strong> &#8211; <a title=\"IV Custom Kulture\" href=\"http:\/\/www.planetacustom.es\/index.php?it=7&#038;evn=274\" target=\"_blank\" rel=\"external nofollow\">IV Custom Kulture<\/a>, en <strong>Valladolid <\/strong>&#8211; Especial Custom<\/p>\n<p style=\"text-align: justify;\">D\u00edas <strong>14, 15 y 16<\/strong> &#8211; <a title=\"Concentraci\u00f3n motera ben\u00e9fica en Tarifa\" href=\"http:\/\/www.alsurdelsurmotoclub.com\/\" target=\"_blank\" rel=\"external nofollow\">Concentraci\u00f3n motera ben\u00e9fica<\/a>, en Tarifa (<strong>C\u00e1diz<\/strong>)<\/p>\n<p style=\"text-align: justify;\">D\u00edas <strong>14, 15 y 16<\/strong> &#8211; <a title=\"II Concentraci\u00f3n motera \"La Peregrinaci\u00f3n\"\" href=\"http:\/\/www.planetacustom.es\/index.php?it=7&#038;evn=260\" target=\"_blank\" rel=\"external nofollow\">II Concentraci\u00f3n motera &#8220;La Peregrinaci\u00f3n&#8221;<\/a>, en Venialbo (<strong>Zamora<\/strong>) &#8211; Especial Custom<\/p>\n<p style=\"text-align: justify;\">D\u00eda <strong>15<\/strong> \u2013 <a title=\"IV Concentraci\u00f3n motera Seginus\" href=\"http:\/\/debates.motos.coches.net\/showthread.php?293081-15-09-2012-4%BA-concentracion-motera-seginus-2012-(barakaldo)\" target=\"_blank\" rel=\"external nofollow\">IV Concentraci\u00f3n motera Seginus<\/a>, en Barakaldo (<strong>Vizcaya<\/strong>) &#8211; Especial Custom<\/p>\n<p style=\"text-align: justify;\">D\u00eda <strong>15<\/strong> &#8211; <a title=\"Vuelta motera en Mallorca\" href=\"http:\/\/www.tumotoweb.com\/destacada.php?id=2168\" target=\"_blank\" rel=\"external nofollow\">XXXIII Edicia Internacional Volta Nocturna<\/a> a <strong>Mallorca<\/strong><\/p>\n<p style=\"text-align: justify;\">D\u00eda <strong>15<\/strong> &#8211; <a title=\"VII Motoristas solidarios Zarat\u00e1n\" href=\"http:\/\/agendamotos.formulamoto.es\/detalleevento.php?id=%201179\" target=\"_blank\" rel=\"external nofollow\">VII Motoristas Solidarios Zarat\u00e1n<\/a>, en Zarat\u00e1n (<strong>Valladolid<\/strong>)<\/p>\n<p style=\"text-align: justify;\">D\u00edas <strong>15 y 16<\/strong> \u2013 <a title=\"IV Avistamiento motorista y coches americanos\" href=\"http:\/\/www.contumoto.com\/verEvento.php?IDEvento=453\" target=\"_blank\" rel=\"external nofollow\">IV Avistamiento motorista y coches americanos<\/a>, en Oropesa de Mar (<strong>Castell\u00f3n<\/strong>)<\/p>\n<p style=\"text-align: justify;\">D\u00edas <strong>15 y 16<\/strong> &#8211; <a title=\"V Concentraci\u00f3n Ciudad de Baeza\" href=\"http:\/\/www.voydeconcentracion.com\/2012\/07\/v-concentracion-ciudad-de-baeza.html\" target=\"_blank\" rel=\"external nofollow\">V Concentraci\u00f3n Ciudad de Baeza<\/a>, en Baeza (<strong>Ja\u00e9n<\/strong>) <span style=\"text-decoration: underline;\">Especial Custom<\/span><\/p>\n<p style=\"text-align: justify;\">D\u00edas <strong>15 y 16<\/strong> &#8211; <a title=\"XXVII Concentraci\u00f3n motocicl\u00edstica Ciudad del Vino\" href=\"http:\/\/www.tumotoweb.com\/destacada.php?id=2158\" target=\"_blank\" rel=\"external nofollow\">XXVII Concentraci\u00f3n motociclista Ciudad del Vino<\/a>, en Montilla (<strong>C\u00f3rdoba<\/strong>)<\/p>\n<p style=\"text-align: justify;\">D\u00edas <strong>15 y 16<\/strong> &#8211; <a title=\"IV Encuentro motero en Sanlucar la Mayor\" href=\"http:\/\/www.tumotoweb.com\/destacada.php?id=2166\" target=\"_blank\" rel=\"external nofollow\">IV Encuentro motero &#8220;Lobos Negros&#8221;<\/a>, en Sanlucar la Mayor (<strong>Sevilla<\/strong>)<\/p>\n<p style=\"text-align: justify;\">D\u00edas <strong>15 y 16<\/strong> &#8211; <a title=\"Kustom Day 2012\" href=\"http:\/\/www.planetacustom.es\/index.php?it=7&#038;evn=269\" target=\"_blank\" rel=\"external nofollow\">Kustom Day 2012<\/a>, en Navacerrada (<strong>Madrid<\/strong>) &#8211; Especial Custom<\/p>\n<p style=\"text-align: justify;\">D\u00eda <strong>16<\/strong> &#8211; <a title=\"IX Moto almuerzo en Torr\u00f3x\" href=\"http:\/\/www.voydeconcentracion.com\/2012\/08\/ix-motoalmuerzo-ruta-340-motorcycles.html\" target=\"_blank\" rel=\"external nofollow\">IX Moto almuerzo<\/a>, en Torr\u00f3x Costa (<strong>M\u00e1laga<\/strong>)<\/p>\n<p style=\"text-align: justify;\">D\u00eda <strong>16<\/strong> &#8211; <a title=\"IX Reuni\u00f3n motera en Villa la Campana\" href=\"http:\/\/www.tumotoweb.com\/destacada.php?id=2161\" target=\"_blank\" rel=\"external nofollow\">IX Reuni\u00f3n motera Villa La Campana<\/a>, en Villa la Campana (<strong>Sevilla<\/strong>)<\/p>\n<p style=\"text-align: justify;\">D\u00eda <strong>16<\/strong> &#8211; <a title=\"Trobada a Tiurana\" href=\"http:\/\/www.tumotoweb.com\/destacada.php?id=2164\" target=\"_blank\" rel=\"external nofollow\">Trobada a Tiurana 2012<\/a>,<strong>\u00a0<\/strong>(<strong>Lleida)<\/strong><\/p>\n<p style=\"text-align: justify;\">D\u00eda <strong>16<\/strong> &#8211; <a title=\"II Motoalmuerzo en Olula del R\u00edo\" href=\"http:\/\/www.loshiatos.es\/\" target=\"_blank\" rel=\"external nofollow\">II Motoalmuerzo solidario<\/a>, en Olula del R\u00edo (<strong>Almer\u00eda<\/strong>) &#8211; Especial Custom<\/p>\n<p style=\"text-align: justify;\">D\u00eda <strong>16<\/strong> \u2013 <a title=\"Ruta motera\" href=\"http:\/\/guadalajara.portaldetuciudad.com\/es-es\/actividades\/torrejon-del-rey-i-ruta-motera-desde-torrejon-del-rey-por-la-sierra-de-ayllon-guadalajara-005_5_1_48885_90.html\" target=\"_blank\" rel=\"external nofollow\">Ruta motera desde Torrej\u00f3n del Rey por la Sierra de Ayll\u00f3n<\/a> (<strong>Guadalajara<\/strong>)<\/p>\n<p style=\"text-align: justify;\">D\u00eda <strong>16<\/strong> &#8211; <a title=\"IV Concentraci\u00f3n motera La Moraleja\" href=\"http:\/\/www.planetacustom.es\/index.php?it=7&#038;evn=277\" target=\"_blank\" rel=\"external nofollow\">IV Concentraci\u00f3n motera &#8220;La Moraleja&#8221;<\/a>, en <strong>Palencia<\/strong> &#8211; Especial Custom<\/p>\n<p style=\"text-align: justify;\">D\u00eda <strong>22<\/strong> \u2013 <a title=\"Concentraci\u00f3n motera Hell Dragon's\" href=\"http:\/\/www.contumoto.com\/verEvento.php?IDEvento=416\" target=\"_blank\" rel=\"external nofollow\">I Concentraci\u00f3n motera Hell Dragon\u2019s<\/a>, en Serracines (<strong>Madrid<\/strong>)<\/p>\n<p style=\"text-align: justify;\">D\u00eda <strong>22<\/strong> &#8211; <a title=\"I Ruta moto tur\u00edstica Elche Oasis Mediterraneo\" href=\"http:\/\/www.planetacustom.es\/index.php?it=7&#038;evn=233\" target=\"_blank\" rel=\"external nofollow\">I Ruta moto tur\u00edstica<\/a> &#8220;Elche Oasis Mediterraneo&#8221;, en Elche (<strong>Alicante<\/strong>) &#8211; Especial Custom<\/p>\n<p style=\"text-align: justify;\">D\u00eda <strong>23<\/strong> &#8211; <a title=\"VII Reuni\u00f3n motera en Alcal\u00e1 de Guadaira\" href=\"http:\/\/www.tumotoweb.com\/destacada.php?id=2035\" target=\"_blank\" rel=\"external nofollow\">VII Reuni\u00f3n motera &#8220;Telera&#8221;<\/a>, en Alcal\u00e1 de Guadaira (<strong>Sevilla<\/strong>)<\/p>\n<p style=\"text-align: justify;\">D\u00eda <strong>23<\/strong> &#8211; <a title=\"VI La despu\u00e9s del verano\" href=\"http:\/\/www.planetacustom.es\/index.php?it=7&#038;evn=272\" target=\"_blank\" rel=\"external nofollow\">VI &#8220;La despu\u00e9s del verano&#8221;<\/a>, en Cepeda de la Mora (<strong>\u00c1vila<\/strong>)<\/p>\n<p style=\"text-align: justify;\">D\u00eda <strong>23<\/strong> &#8211; <a title=\"IV Aniversario Vikingos Teruel MG\" href=\"http:\/\/www.planetacustom.es\/index.php?it=7&#038;evn=271\" target=\"_blank\" rel=\"external nofollow\">IV Aniversario Vikingos Teruel MG<\/a>, en Valderrobres (<strong>Teruel<\/strong>)<\/p>\n<p style=\"text-align: justify;\">D\u00edas <strong>22 y 23<\/strong> \u2013 <a title=\"X Concentraci\u00f3n motera ruta Jacobea\" href=\"http:\/\/club-naked.foroactivo.com\/t4949-x-concentracion-motera-ruta-jacobea-2012-sahagun-leon-22-23-de-septiembre\" target=\"_blank\" rel=\"external nofollow\">X Concentraci\u00f3n motera ruta Jacobea<\/a>, en Sahag\u00fan (<strong>Le\u00f3n<\/strong>)<\/p>\n<p style=\"text-align: justify;\">D\u00edas <strong>28 al 30<\/strong>\u00a0\u2013 <a title=\"VI Concentraci\u00f3n internacional Los Clandestinos\" href=\"http:\/\/www.tumotoweb.com\/destacada.php?id=2169\" target=\"_blank\" rel=\"external nofollow\">VI Concentraci\u00f3n internacional Los Clandestinos<\/a>, en Ciudad Rodr\u00edgo (<strong>Salamanca<\/strong>) &#8211; Especial Custom<\/p>\n<p style=\"text-align: justify;\">D\u00edas <strong>28 al 30<\/strong> \u2013 <a title=\"XX Concentraci\u00f3n perros del Ebro\" href=\"http:\/\/www.perrosdelebro.es\/\" target=\"_blank\" rel=\"external nofollow\">XX Concentraci\u00f3n motera Perros del Ebro<\/a>, en Escatr\u00f3n (<strong>Zaragoza<\/strong>) &#8211; &#8211; &#8211; &#8211; RECOMENDADA<\/p>\n<p style=\"text-align: justify;\">D\u00edas <strong>28 al 30<\/strong>\u00a0\u2013\u00a0<a title=\"I Reuni\u00f3n motera en Sastago\" href=\"http:\/\/www.contramanillar.com\/calendario\/septiembre-2012\/i-reunion-motera-sastago\/\" target=\"_blank\" rel=\"external nofollow\">I Reuni\u00f3n motera<\/a>, en Sastago (<strong>Zaragoza<\/strong>) &#8211; &#8211; &#8211; &#8211; Cambi\u00f3 de fecha, antes era del 14 al 16.<\/p>\n<p style=\"text-align: justify;\">D\u00edas <strong>28 al 30<\/strong> &#8211; <a title=\"X Concentraci\u00f3n motera en Chill\u00f3n\" href=\"http:\/\/www.tumotoweb.com\/destacada.php?id=2109\" target=\"_blank\" rel=\"external nofollow\">X Concentraci\u00f3n motera &#8220;T\u00f3 el que quiera&#8221;<\/a>, en Chill\u00f3n (<strong>Ciudad Real<\/strong>)<\/p>\n<p style=\"text-align: justify;\">D\u00eda <strong>29<\/strong> &#8211; <a title=\"II Kedada motera Exate pa y\u00e1\" href=\"http:\/\/www.voydeconcentracion.com\/2012\/08\/ii-kedada-am-exate-paya.html\" target=\"_blank\" rel=\"external nofollow\">II Kedada motera Exate pa y\u00e1 (Los Exaitos)<\/a>, en C.T.M. <strong>Sevilla<\/strong><\/p>\n<p style=\"text-align: justify;\">D\u00eda <strong>29<\/strong> &#8211; <a title=\"I Concentraci\u00f3n motera Tudela de Duero\" href=\"http:\/\/www.planetacustom.es\/eventosmoteros\/205_430239_369535689785700_1283084781_n[1].jpg\" target=\"_blank\" rel=\"external nofollow\">I Concentraci\u00f3n motera Tudela de Duero<\/a> (<strong>Valladolid<\/strong>) &#8211; Especial Custom<\/p>\n<p style=\"text-align: justify;\">D\u00eda <strong>29<\/strong> &#8211; <a title=\"Fiesta presentaci\u00f3n Gang Vandalos Valladolid\" href=\"http:\/\/www.planetacustom.es\/index.php?it=7&#038;evn=299\" target=\"_blank\" rel=\"external nofollow\">Fiesta presentaci\u00f3n Gang Vandalos Valladolid<\/a>, en Zarat\u00e1n (<strong>Valladolid<\/strong>)<\/p>\n<p style=\"text-align: justify;\">D\u00eda <strong>29<\/strong> &#8211; <a title=\"Matinal Custom Club\" href=\"http:\/\/www.planetacustom.es\/index.php?it=7&#038;evn=280\" target=\"_blank\" rel=\"external nofollow\">Matinal FX Custom Club<\/a>, en Legan\u00e9s (<strong>Madrid<\/strong>) &#8211; Especial Custom<\/p>\n<p style=\"text-align: justify;\">D\u00eda <strong>29<\/strong> &#8211; <a title=\"IV Aniversario Orkos Madrid\" href=\"http:\/\/www.planetacustom.es\/index.php?it=7&#038;evn=282\" target=\"_blank\" rel=\"external nofollow\">IV Aniversario ORKOS Madrid<\/a>, en M\u00f3stoles (<strong>Madrid<\/strong>)<\/p>\n<p style=\"text-align: justify;\">D\u00eda <strong>29<\/strong> &#8211; <a title=\"IX Concentraci\u00f3n Alovera\" href=\"http:\/\/www.motoclubalovera.es\/\" target=\"_blank\" rel=\"external nofollow\">IX Concentraci\u00f3n Alovera<\/a>, en Alovera (<strong>Guadalajara<\/strong>)<\/p>\n<p style=\"text-align: justify;\">D\u00eda <strong>29<\/strong> &#8211; <a title=\"V MOON RIDERS\" href=\"http:\/\/www.solocustom.es\/concentraciones-eventos\/septiembre\/2468-v-concentracion-motera-moon-riders.html\" target=\"_blank\" rel=\"external nofollow\">V MOON RIDERS<\/a>, en Leioa (<strong>Vizcaya<\/strong>) &#8211; &#8211; &#8211; Especial Custom<\/p>\n<p style=\"text-align: justify;\">D\u00edas <strong>29 y 30<\/strong> &#8211; <a title=\"II Expomoto en Villanueva de Arosa\" href=\"http:\/\/www.facebook.com\/photo.php?fbid=318211964941041&#038;set=a.102756999819873.8491.100002567208704&#038;type=1&#038;theater\" target=\"_blank\" rel=\"external nofollow\">II Expomoto<\/a> en Villanueva de Arosa (<strong>Pontevedra<\/strong>)<\/p>\n<p style=\"text-align: justify;\">D\u00eda <strong>30<\/strong> &#8211; <a title=\"Motoalmuerzo en Ciudad de Hell\u00edn\" href=\"http:\/\/www.tumotoweb.com\/destacada.php?id=2167\" target=\"_blank\" rel=\"external nofollow\">Motoalmuerzo en Ciudad de Hell\u00edn<\/a> (<strong>Albacete<\/strong>)<\/p>\n<p style=\"text-align: justify;\">D\u00eda <strong>30<\/strong> &#8211; <a title=\"V Encuentro motero Ciudad de Puerto Lumbreras\" href=\"http:\/\/todomotos.ning.com\/events\/v-encuentro-motero-ciudad-de-puerto-lumbreras\" target=\"_blank\" rel=\"external nofollow\">V Encuentro motero Ciudad de Puerto Lumbreras<\/a>, en Puerto Lumbreras (<strong>Murcia<\/strong>) &#8211; Especial Custom<\/p>\n<p style=\"text-align: justify;\">D\u00eda <strong>30<\/strong> &#8211; <a title=\"VII Reuni\u00f3n motera Ruta de la Plata\" href=\"http:\/\/www.castilblancodelosarroyos.es\/opencms\/opencms\/castilblanco\/actualidad\/deportes\/noticia_0243.html\" target=\"_blank\" rel=\"external nofollow\">VII Reuni\u00f3n motera Ruta de la Plata<\/a>, en Castilblanco de los Arroyos (<strong>Sevilla<\/strong>)<\/p>\n<p style=\"text-align: justify;\">D\u00eda <strong>30<\/strong> &#8211; <a title=\"IX Matinal Motera Miracels Custom Club\" href=\"http:\/\/www.planetacustom.es\/index.php?it=7&#038;evn=304\" target=\"_blank\" rel=\"external nofollow\">IX Matinal Motera Miracels Custom Club<\/a>, en Denia (<strong>Alicante<\/strong>)<\/p>\n<p style=\"text-align: justify;\">D\u00eda <strong>30<\/strong> &#8211; <a title=\"Cartel de la V Concentraci\u00f3n en Can Serra\" href=\"http:\/\/orgullosodesermotero.es\/images\/carteles\/septiembre12\/septiembre_28-29-20\/mini\/5-concentracion-en-Can-Serra_mini.jpg\" target=\"_blank\" rel=\"external nofollow\">V Concentraci\u00f3n en Can Serra<\/a> (<strong>Barcelona<\/strong>)<\/p>\n<p style=\"text-align: justify;\">.<\/p>\n<h2><span style=\"text-decoration: underline;\">Concentraciones y quedadas moteras a lo largo de\u00a0<strong>septiembre<\/strong>\u00a02012\u00a0<strong>fuera de Espa\u00f1a<\/strong>:<\/span><\/h2>\n<p><strong>Del 31 de agosto al 2 de septiembre<\/strong>&#8211;\u00a0<a title=\"XIV Concentra\u00e7\u00e3o Motard da Vidigueira\" href=\"http:\/\/motosedestinos.forumeiros.com\/t2293-xiv-concentracao-motard-da-vidigueira\" target=\"_blank\" rel=\"external nofollow\">XIV Concentra\u00e7ao motard Vidigueira 2012<\/a>, en Vidigueira (<strong>Portugal<\/strong>)<\/p>\n<p>D\u00edas <strong>31, 1 y 2<\/strong> &#8211; <a title=\"XX Concentra\u00e7ao Tuku Tuku\" href=\"http:\/\/www.wherevent.com\/detail\/moto-clube-tuku-xx-concentracao-internacional-mccb-tuku-tuku\" target=\"_blank\" rel=\"external nofollow\">XX Concentra\u00e7ao Tuku Tuku<\/a>, en Castelo Branco (<strong>Portugal<\/strong>)<\/p>\n<p>D\u00edas <strong>1 y 2<\/strong> &#8211;\u00a0<a title=\"IX Motocinghialata\" href=\"http:\/\/www.motogpromagna.com\/cal.asp?date=9\/1\/2012\" target=\"_blank\" rel=\"external nofollow\">IX Motocinghialata<\/a>, en Carpi (<strong>Italia<\/strong>)<\/p>\n<p>D\u00edas <strong>7, 8 y 9<\/strong> &#8211; <a title=\"Concentra\u00e7ao do motoclube de Lagoa 2012\" href=\"http:\/\/motoclubelagoa.webs.com\/apps\/photos\/photo?photoid=164126725\" target=\"_blank\" rel=\"external nofollow\">XVIII\u00a0Concentra\u00e7ao do motoclube de Lagoa 2012<\/a>, en\u00a0Fontes de Est\u00f4mbar (<strong>Portugal<\/strong>)<\/p>\n<p>D\u00edas\u00a0<strong>7, 8 y 9<\/strong> &#8211; \u00a0<a title=\"XIII Concentra\u00e7ao do moto clube de Mafra\" href=\"http:\/\/www.motoclubemafra.com\/?lop=conteudo&#038;op=d1fe173d08e959397adf34b1d77e88d7&#038;id=202cb962ac59075b964b07152d234b70\" target=\"_blank\" rel=\"external nofollow\">XIII Concentra\u00e7ao do moto clube de Mafra<\/a>, en Sobreiro (<strong>Portugal<\/strong>) &#8211; Especial Quad y off road<\/p>\n<p>D\u00edas <strong>8 y 9<\/strong> &#8211;\u00a0<a title=\"XI Wolves - party\" href=\"http:\/\/www.contumoto.com\/verEvento.php?IDEvento=247\" target=\"_blank\" rel=\"external nofollow\">XI Wolves-party<\/a>, en Blaye (<strong>Francia<\/strong>) &#8211; Especial Custom<\/p>\n<p>D\u00edas <strong>7, 8, 9, 10 y 11<\/strong> &#8211; \u00a0<a title=\"Italian tourist rally F.I.M.\" href=\"http:\/\/www.fimrally2012.eu\/index.php\/en\/organizers\/about-fim-rally\" target=\"_blank\" rel=\"external nofollow\">Italian tourist rally F.I.M<\/a>, en Castellabete (<strong>Italia<\/strong>)<\/p>\n<p>D\u00edas <strong>11 y 12<\/strong> &#8211;\u00a0<a title=\"VII Rassemlement MC Camargue\" href=\"http:\/\/www.motoclubmotrix.org\/foro\/viewtopic.php?t=2332&#038;start=9999\" target=\"_blank\" rel=\"external nofollow\">VII rassemblement MC Camargue<\/a>, en\u00a0Port Saint Louis du Rh\u00f4ne (<strong>Francia<\/strong>)<\/p>\n<p><span style=\"text-align: justify;\">.<\/span><\/p>\n<p style=\"text-align: justify;\">\u00a0 \u00a0Espero que disfrut\u00e9is de muchas de ellas e igual nos vemos por ah\u00ed.<\/p>\n<p style=\"text-align: justify;\"><strong>\u00a0 \u00a0Saludos y r\u00e1fagas.<\/strong><\/p>\n<!-- AddThis Advanced Settings generic via filter on the_content --><!-- AddThis Share Buttons generic via filter on the_content -->","protected":false},"excerpt":{"rendered":"<p>Aqu\u00ed os dejo las principales concentraciones y kedadas moteras para septiembre, como pod\u00e9is ver hay muchas e ir\u00e9 a\u00f1adiendo m\u00e1s. Est\u00e1n separadas primero las de dentro de Extremadura y luego las dem\u00e1s. &nbsp; Relaci\u00f3n de concentraciones y quedadas moteras a lo largo de\u00a0septiembre\u00a02012 dentro de\u00a0Extremadura: D\u00edas 7 al 9 \u2013 Concentraci\u00f3n motera \u201cLa de Coria\u201d, [&hellip;]<!-- AddThis Advanced Settings generic via filter on get_the_excerpt --><!-- AddThis Share Buttons generic via filter on get_the_excerpt --><\/p>\n","protected":false},"author":49,"featured_media":0,"comment_status":"open","ping_status":"closed","sticky":false,"template":"","format":"standard","meta":[],"categories":[5,13],"tags":[269,276,622,629,639],"_links":{"self":[{"href":"https:\/\/blogs.hoy.es\/moterosdehoy\/wp-json\/wp\/v2\/posts\/258"}],"collection":[{"href":"https:\/\/blogs.hoy.es\/moterosdehoy\/wp-json\/wp\/v2\/posts"}],"about":[{"href":"https:\/\/blogs.hoy.es\/moterosdehoy\/wp-json\/wp\/v2\/types\/post"}],"author":[{"embeddable":true,"href":"https:\/\/blogs.hoy.es\/moterosdehoy\/wp-json\/wp\/v2\/users\/49"}],"replies":[{"embeddable":true,"href":"https:\/\/blogs.hoy.es\/moterosdehoy\/wp-json\/wp\/v2\/comments?post=258"}],"version-history":[{"count":0,"href":"https:\/\/blogs.hoy.es\/moterosdehoy\/wp-json\/wp\/v2\/posts\/258\/revisions"}],"wp:attachment":[{"href":"https:\/\/blogs.hoy.es\/moterosdehoy\/wp-json\/wp\/v2\/media?parent=258"}],"wp:term":[{"taxonomy":"category","embeddable":true,"href":"https:\/\/blogs.hoy.es\/moterosdehoy\/wp-json\/wp\/v2\/categories?post=258"},{"taxonomy":"post_tag","embeddable":true,"href":"https:\/\/blogs.hoy.es\/moterosdehoy\/wp-json\/wp\/v2\/tags?post=258"}],"curies":[{"name":"wp","href":"https:\/\/api.w.org\/{rel}","templated":true}]}}