{"id":2581,"date":"2018-09-23T10:54:41","date_gmt":"2018-09-23T10:54:41","guid":{"rendered":"http:\/\/blogs.hoy.es\/moterosdehoy\/?p=2581"},"modified":"2022-06-01T15:43:27","modified_gmt":"2022-06-01T15:43:27","slug":"bendicion-de-cascos-en-fatima","status":"publish","type":"post","link":"https:\/\/blogs.hoy.es\/moterosdehoy\/2018\/09\/23\/bendicion-de-cascos-en-fatima\/","title":{"rendered":"Bendici\u00f3n de cascos en F\u00e1tima"},"content":{"rendered":"<p>Moteros los hay de todas las clases sociales, creencias pol\u00edticas y como no religiosas, pero si bien tanto en nuestra vecina Portugal\u00a0como aqu\u00ed en Espa\u00f1a la religi\u00f3n cat\u00f3lica es la predominante.<\/p>\n<p><a href=\"https:\/\/static-blogs.hoy.es\/wp-content\/uploads\/sites\/45\/2018\/09\/2018-09-Fatima.jpg\"><img loading=\"lazy\" class=\"alignleft size-medium wp-image-2582\" src=\"https:\/\/static-blogs.hoy.es\/wp-content\/uploads\/sites\/45\/2018\/09\/2018-09-Fatima-225x300.jpg\" alt=\"2018-09-fatima\" width=\"225\" height=\"300\" srcset=\"https:\/\/static-blogs.hoy.es\/wp-content\/uploads\/sites\/45\/2018\/09\/2018-09-Fatima-225x300.jpg 225w, https:\/\/static-blogs.hoy.es\/wp-content\/uploads\/sites\/45\/2018\/09\/2018-09-Fatima.jpg 720w\" sizes=\"(max-width: 225px) 100vw, 225px\" \/><\/a>Unos ser\u00e1n m\u00e1s practicantes que otros, pero aqu\u00ed llega una ocasi\u00f3n para disfrutar de la moto y a la vez visitar uno de los santuarios marianos m\u00e1s importantes del mundo, El Santuario de Nuestra Se\u00f1ora del Rosario de F\u00e1tima (m\u00e1s conocido, simplemente, por Santuario de F\u00e1tima), localizado en la\u00a0<a title=\"Cova da Iria\" href=\"https:\/\/es.wikipedia.org\/wiki\/Cova_da_Iria\" rel=\"external nofollow\">Cova da Iria<\/a>, ciudad de\u00a0<a title=\"F\u00e1tima (Portugal)\" href=\"https:\/\/es.wikipedia.org\/wiki\/F%C3%A1tima_(Portugal)\" rel=\"external nofollow\">F\u00e1tima<\/a>, en\u00a0<a title=\"Portugal\" href=\"https:\/\/es.wikipedia.org\/wiki\/Portugal\" rel=\"external nofollow\">Portugal<\/a>. El santuario est\u00e1 situado a 11 km de la ciudad de\u00a0<a class=\"mw-redirect\" title=\"Our\u00e9m\" href=\"https:\/\/es.wikipedia.org\/wiki\/Our%C3%A9m\" rel=\"external nofollow\">Our\u00e9m<\/a>, a 25 km de\u00a0<a title=\"Leiria\" href=\"https:\/\/es.wikipedia.org\/wiki\/Leiria\" rel=\"external nofollow\">Leiria<\/a>, y 120 km al norte de\u00a0<a title=\"Lisboa\" href=\"https:\/\/es.wikipedia.org\/wiki\/Lisboa\" rel=\"external nofollow\">Lisboa<\/a>.<\/p>\n<p>&#8220;Ben\u00e7\u00e3o dos Capacetes&#8221; Bendici\u00f3n de cascos en espa\u00f1ol, es un evento motociclista de un s\u00f3lo d\u00eda, teniendo lugar la propia bendici\u00f3n de cascos <strong>desde las 13 hasta las 15 horas del d\u00eda 30 de septiembre <\/strong>(horario portugu\u00e9s)\u00a0con un claro mensaje de amistad e incentivo a todos los motociclistas de sensibilizarnos en la carretera para tener una conducci\u00f3n respetuosa.<\/p>\n<p>\u00c9sta ser\u00e1 la quinta edici\u00f3n, y cada a\u00f1o sorprende el n\u00famero de motociclistas que acuden a la cita, multiplic\u00e1ndose en gran medida y convirti\u00e9ndose ya en la mayor congregaci\u00f3n de Portugal.<a href=\"https:\/\/static-blogs.hoy.es\/wp-content\/uploads\/sites\/45\/2018\/09\/2018-09-F\u00e1tima.png\"><img loading=\"lazy\" class=\"alignright size-medium wp-image-2583\" src=\"https:\/\/static-blogs.hoy.es\/wp-content\/uploads\/sites\/45\/2018\/09\/2018-09-F\u00e1tima-300x300.png\" alt=\"2018-09-fatima\" width=\"300\" height=\"300\" srcset=\"https:\/\/static-blogs.hoy.es\/wp-content\/uploads\/sites\/45\/2018\/09\/2018-09-F\u00e1tima-300x300.png 300w, https:\/\/static-blogs.hoy.es\/wp-content\/uploads\/sites\/45\/2018\/09\/2018-09-F\u00e1tima-150x150.png 150w, https:\/\/static-blogs.hoy.es\/wp-content\/uploads\/sites\/45\/2018\/09\/2018-09-F\u00e1tima-768x768.png 768w, https:\/\/static-blogs.hoy.es\/wp-content\/uploads\/sites\/45\/2018\/09\/2018-09-F\u00e1tima.png 960w\" sizes=\"(max-width: 300px) 100vw, 300px\" \/><\/a><\/p>\n<p>El santuario es visitado por 4-6\u00a0millones de peregrinos cada a\u00f1o, seg\u00fan las estimaciones \u00bfTe vas a perder esta gran ocasi\u00f3n? Un d\u00eda diferente en la vida del motociclista, que adem\u00e1s en el caso de tener fe religiosa ser\u00e1 un viaje de confort espiritual.<\/p>\n<p>Saludos y r\u00e1fagas.<\/p>\n<!-- AddThis Advanced Settings generic via filter on the_content --><!-- AddThis Share Buttons generic via filter on the_content -->","protected":false},"excerpt":{"rendered":"<p>Moteros los hay de todas las clases sociales, creencias pol\u00edticas y como no religiosas, pero si bien tanto en nuestra vecina Portugal\u00a0como aqu\u00ed en Espa\u00f1a la religi\u00f3n cat\u00f3lica es la predominante. Unos ser\u00e1n m\u00e1s practicantes que otros, pero aqu\u00ed llega una ocasi\u00f3n para disfrutar de la moto y a la vez visitar uno de los [&hellip;]<!-- AddThis Advanced Settings generic via filter on get_the_excerpt --><!-- AddThis Share Buttons generic via filter on get_the_excerpt --><\/p>\n","protected":false},"author":49,"featured_media":0,"comment_status":"open","ping_status":"closed","sticky":false,"template":"","format":"standard","meta":[],"categories":[13],"tags":[1225,1232,1231,1234,622,664,1235,1233],"_links":{"self":[{"href":"https:\/\/blogs.hoy.es\/moterosdehoy\/wp-json\/wp\/v2\/posts\/2581"}],"collection":[{"href":"https:\/\/blogs.hoy.es\/moterosdehoy\/wp-json\/wp\/v2\/posts"}],"about":[{"href":"https:\/\/blogs.hoy.es\/moterosdehoy\/wp-json\/wp\/v2\/types\/post"}],"author":[{"embeddable":true,"href":"https:\/\/blogs.hoy.es\/moterosdehoy\/wp-json\/wp\/v2\/users\/49"}],"replies":[{"embeddable":true,"href":"https:\/\/blogs.hoy.es\/moterosdehoy\/wp-json\/wp\/v2\/comments?post=2581"}],"version-history":[{"count":1,"href":"https:\/\/blogs.hoy.es\/moterosdehoy\/wp-json\/wp\/v2\/posts\/2581\/revisions"}],"predecessor-version":[{"id":2584,"href":"https:\/\/blogs.hoy.es\/moterosdehoy\/wp-json\/wp\/v2\/posts\/2581\/revisions\/2584"}],"wp:attachment":[{"href":"https:\/\/blogs.hoy.es\/moterosdehoy\/wp-json\/wp\/v2\/media?parent=2581"}],"wp:term":[{"taxonomy":"category","embeddable":true,"href":"https:\/\/blogs.hoy.es\/moterosdehoy\/wp-json\/wp\/v2\/categories?post=2581"},{"taxonomy":"post_tag","embeddable":true,"href":"https:\/\/blogs.hoy.es\/moterosdehoy\/wp-json\/wp\/v2\/tags?post=2581"}],"curies":[{"name":"wp","href":"https:\/\/api.w.org\/{rel}","templated":true}]}}