{"id":2585,"date":"2018-10-01T21:16:04","date_gmt":"2018-10-01T21:16:04","guid":{"rendered":"http:\/\/blogs.hoy.es\/moterosdehoy\/?p=2585"},"modified":"2022-06-01T15:43:18","modified_gmt":"2022-06-01T15:43:18","slug":"viii-fiesta-motera-la-zarza","status":"publish","type":"post","link":"https:\/\/blogs.hoy.es\/moterosdehoy\/2018\/10\/01\/viii-fiesta-motera-la-zarza\/","title":{"rendered":"VIII Fiesta motera La Zarza"},"content":{"rendered":"<p>El s\u00e1bado\u00a06 de octubre tendr\u00e1 lugar la VIII Fiesta motera en la localidad de La Zarza (Badajoz), de nuevo organizado por la Pe\u00f1a Motera \u201cEl Calvario\u201d.<\/p>\n<p><a href=\"https:\/\/static-blogs.hoy.es\/wp-content\/uploads\/sites\/45\/2018\/10\/2018-10-La-Zarza.jpg\"><img loading=\"lazy\" class=\"alignleft size-medium wp-image-2586\" src=\"https:\/\/static-blogs.hoy.es\/wp-content\/uploads\/sites\/45\/2018\/10\/2018-10-La-Zarza-223x300.jpg\" alt=\"2018-10-la-zarza\" width=\"223\" height=\"300\" srcset=\"https:\/\/static-blogs.hoy.es\/wp-content\/uploads\/sites\/45\/2018\/10\/2018-10-La-Zarza-223x300.jpg 223w, https:\/\/static-blogs.hoy.es\/wp-content\/uploads\/sites\/45\/2018\/10\/2018-10-La-Zarza.jpg 720w\" sizes=\"(max-width: 223px) 100vw, 223px\" \/><\/a>PROGRAMA:<\/p>\n<ul>\n<li>12:00 horas, comienzo de la fiesta en el recinto ferial de la localidad.<\/li>\n<li>15 h, caldereta para todos los asistentes.<\/li>\n<li>17:00 h, ruta bar\u00edtima por la localidad.<\/li>\n<li>20:30 h, exhibici\u00f3n de show Rider Bike.<\/li>\n<li>23:00 h, concierto anal\u00f3gico Band.<\/li>\n<li>01:00 h, Dj Lulu hasta el cierre.<\/li>\n<\/ul>\n<p>Una fiesta un tanto peculiar, dado que de normal \u00e9ste tipo de eventos se realizan por la ma\u00f1ana y a lo largo de la tarde se van manchando los asistentes. Se trata de una fiesta en la que lo ideal es quedarse por la zona, dado que la fiesta se alarga durante la noche.<\/p>\n<p>Para los que no conozc\u00e1is dicha fiesta motera, es una concentraci\u00f3n en la que acude todo tipo de motos, pero proliferan las erres, dado que en la pe\u00f1a motera que lo organiza es lo que m\u00e1s hay.<\/p>\n<p>Saludos y r\u00e1fagas.<\/p>\n<!-- AddThis Advanced Settings generic via filter on the_content --><!-- AddThis Share Buttons generic via filter on the_content -->","protected":false},"excerpt":{"rendered":"<p>El s\u00e1bado\u00a06 de octubre tendr\u00e1 lugar la VIII Fiesta motera en la localidad de La Zarza (Badajoz), de nuevo organizado por la Pe\u00f1a Motera \u201cEl Calvario\u201d. PROGRAMA: 12:00 horas, comienzo de la fiesta en el recinto ferial de la localidad. 15 h, caldereta para todos los asistentes. 17:00 h, ruta bar\u00edtima por la localidad. 20:30 [&hellip;]<!-- AddThis Advanced Settings generic via filter on get_the_excerpt --><!-- AddThis Share Buttons generic via filter on get_the_excerpt --><\/p>\n","protected":false},"author":49,"featured_media":0,"comment_status":"open","ping_status":"closed","sticky":false,"template":"","format":"standard","meta":[],"categories":[13],"tags":[382,406,1236,618,622,664],"_links":{"self":[{"href":"https:\/\/blogs.hoy.es\/moterosdehoy\/wp-json\/wp\/v2\/posts\/2585"}],"collection":[{"href":"https:\/\/blogs.hoy.es\/moterosdehoy\/wp-json\/wp\/v2\/posts"}],"about":[{"href":"https:\/\/blogs.hoy.es\/moterosdehoy\/wp-json\/wp\/v2\/types\/post"}],"author":[{"embeddable":true,"href":"https:\/\/blogs.hoy.es\/moterosdehoy\/wp-json\/wp\/v2\/users\/49"}],"replies":[{"embeddable":true,"href":"https:\/\/blogs.hoy.es\/moterosdehoy\/wp-json\/wp\/v2\/comments?post=2585"}],"version-history":[{"count":1,"href":"https:\/\/blogs.hoy.es\/moterosdehoy\/wp-json\/wp\/v2\/posts\/2585\/revisions"}],"predecessor-version":[{"id":2587,"href":"https:\/\/blogs.hoy.es\/moterosdehoy\/wp-json\/wp\/v2\/posts\/2585\/revisions\/2587"}],"wp:attachment":[{"href":"https:\/\/blogs.hoy.es\/moterosdehoy\/wp-json\/wp\/v2\/media?parent=2585"}],"wp:term":[{"taxonomy":"category","embeddable":true,"href":"https:\/\/blogs.hoy.es\/moterosdehoy\/wp-json\/wp\/v2\/categories?post=2585"},{"taxonomy":"post_tag","embeddable":true,"href":"https:\/\/blogs.hoy.es\/moterosdehoy\/wp-json\/wp\/v2\/tags?post=2585"}],"curies":[{"name":"wp","href":"https:\/\/api.w.org\/{rel}","templated":true}]}}