{"id":2588,"date":"2018-10-01T22:34:58","date_gmt":"2018-10-01T22:34:58","guid":{"rendered":"http:\/\/blogs.hoy.es\/moterosdehoy\/?p=2588"},"modified":"2022-06-01T15:43:08","modified_gmt":"2022-06-01T15:43:08","slug":"vii-encuentro-motero-berrea-en-monfrague","status":"publish","type":"post","link":"https:\/\/blogs.hoy.es\/moterosdehoy\/2018\/10\/01\/vii-encuentro-motero-berrea-en-monfrague\/","title":{"rendered":"VII Encuentro motero Berrea en Monfrag\u00fce"},"content":{"rendered":"<p>El fin de semana del\u00a05 al\u00a07 de octubre, tendr\u00e1 lugar el s\u00e9ptimo encuentro motero \u201cBerrea en Monfrag\u00fce\u201d.<\/p>\n<p><a href=\"https:\/\/static-blogs.hoy.es\/wp-content\/uploads\/sites\/45\/2018\/10\/2018-10-Monfrague.jpg\"><img loading=\"lazy\" class=\"alignleft size-medium wp-image-2591\" src=\"https:\/\/static-blogs.hoy.es\/wp-content\/uploads\/sites\/45\/2018\/10\/2018-10-Monfrague-213x300.jpg\" alt=\"2018-10-monfrague\" width=\"213\" height=\"300\" srcset=\"https:\/\/static-blogs.hoy.es\/wp-content\/uploads\/sites\/45\/2018\/10\/2018-10-Monfrague-213x300.jpg 213w, https:\/\/static-blogs.hoy.es\/wp-content\/uploads\/sites\/45\/2018\/10\/2018-10-Monfrague.jpg 683w\" sizes=\"(max-width: 213px) 100vw, 213px\" \/><\/a>Se celebrar\u00e1 en el\u00a0<a href=\"https:\/\/www.facebook.com\/camping.monfrague\/\" rel=\"external nofollow\">Camping Monfrag\u00fce<\/a>, en Monfrag\u00fce (C\u00e1ceres), y tienen preparado todo lo necesario para pasar un fin de semana inolvidable.<\/p>\n<p>PROGRAMA:<span id=\"more-2346\"><\/span><\/p>\n<p><strong>VIERNES<\/strong><br \/>\nDurante la tarde concentraci\u00f3n en la cafeter\u00eda de Camping Monfrag\u00fce, para irse conociendo.<br \/>\n22.00 Caldo bienvenida y tapa sorpresa. Con regalo para los primeros 100 primeros inscritos.<\/p>\n<p><b>S\u00c1BADO<\/b><\/p>\n<p>El s\u00e1bado comienza a las 9 de la ma\u00f1ana, con desayuno y media hora despu\u00e9s ruta, de\u00a0poco m\u00e1s de 100 kil\u00f3metros, por el parque nacional de Monfrag\u00fce y alrededores.<\/p>\n<p>En el propio cartel del evento tienes disponible horarios y actividades. Es de destacar la exhibici\u00f3n de Stunt de Narcis Roca, a las 19:30 h.<\/p>\n<p><strong>DOMINGO<\/strong><\/p>\n<p>10.30 Desayuno, a base de Migas Extreme\u00f1as, para despedir el encuentro.<\/p>\n<p>A\u00fan queda disponible alg\u00fan bungalow, as\u00ed que aprovecha y a disfrutar de la naturaleza, o si lo prefieres tienen disponible acampada gratuita para los inscritos, que por 30 euros no est\u00e1 nada mal.<\/p>\n<p>Saludos y r\u00e1fagas.<\/p>\n<!-- AddThis Advanced Settings generic via filter on the_content --><!-- AddThis Share Buttons generic via filter on the_content -->","protected":false},"excerpt":{"rendered":"<p>El fin de semana del\u00a05 al\u00a07 de octubre, tendr\u00e1 lugar el s\u00e9ptimo encuentro motero \u201cBerrea en Monfrag\u00fce\u201d. Se celebrar\u00e1 en el\u00a0Camping Monfrag\u00fce, en Monfrag\u00fce (C\u00e1ceres), y tienen preparado todo lo necesario para pasar un fin de semana inolvidable. PROGRAMA: VIERNES Durante la tarde concentraci\u00f3n en la cafeter\u00eda de Camping Monfrag\u00fce, para irse conociendo. 22.00 Caldo [&hellip;]<!-- AddThis Advanced Settings generic via filter on get_the_excerpt --><!-- AddThis Share Buttons generic via filter on get_the_excerpt --><\/p>\n","protected":false},"author":49,"featured_media":0,"comment_status":"open","ping_status":"closed","sticky":false,"template":"","format":"standard","meta":[],"categories":[13,1],"tags":[1237,1131,382,1238,622,664],"_links":{"self":[{"href":"https:\/\/blogs.hoy.es\/moterosdehoy\/wp-json\/wp\/v2\/posts\/2588"}],"collection":[{"href":"https:\/\/blogs.hoy.es\/moterosdehoy\/wp-json\/wp\/v2\/posts"}],"about":[{"href":"https:\/\/blogs.hoy.es\/moterosdehoy\/wp-json\/wp\/v2\/types\/post"}],"author":[{"embeddable":true,"href":"https:\/\/blogs.hoy.es\/moterosdehoy\/wp-json\/wp\/v2\/users\/49"}],"replies":[{"embeddable":true,"href":"https:\/\/blogs.hoy.es\/moterosdehoy\/wp-json\/wp\/v2\/comments?post=2588"}],"version-history":[{"count":3,"href":"https:\/\/blogs.hoy.es\/moterosdehoy\/wp-json\/wp\/v2\/posts\/2588\/revisions"}],"predecessor-version":[{"id":2592,"href":"https:\/\/blogs.hoy.es\/moterosdehoy\/wp-json\/wp\/v2\/posts\/2588\/revisions\/2592"}],"wp:attachment":[{"href":"https:\/\/blogs.hoy.es\/moterosdehoy\/wp-json\/wp\/v2\/media?parent=2588"}],"wp:term":[{"taxonomy":"category","embeddable":true,"href":"https:\/\/blogs.hoy.es\/moterosdehoy\/wp-json\/wp\/v2\/categories?post=2588"},{"taxonomy":"post_tag","embeddable":true,"href":"https:\/\/blogs.hoy.es\/moterosdehoy\/wp-json\/wp\/v2\/tags?post=2588"}],"curies":[{"name":"wp","href":"https:\/\/api.w.org\/{rel}","templated":true}]}}