{"id":2593,"date":"2018-10-03T07:42:24","date_gmt":"2018-10-03T07:42:24","guid":{"rendered":"http:\/\/blogs.hoy.es\/moterosdehoy\/?p=2593"},"modified":"2022-06-01T15:42:58","modified_gmt":"2022-06-01T15:42:58","slug":"vii-mercadillo-motero-en-badajoz","status":"publish","type":"post","link":"https:\/\/blogs.hoy.es\/moterosdehoy\/2018\/10\/03\/vii-mercadillo-motero-en-badajoz\/","title":{"rendered":"VII Mercadillo motero en Badajoz"},"content":{"rendered":"<p>En octubre tendremos mercadillo motero en Badajoz.<\/p>\n<p><a href=\"https:\/\/static-blogs.hoy.es\/wp-content\/uploads\/sites\/45\/2018\/10\/Mercadillo-motero-octubre-2018.jpg\"><img loading=\"lazy\" class=\"alignleft size-medium wp-image-2594\" src=\"https:\/\/static-blogs.hoy.es\/wp-content\/uploads\/sites\/45\/2018\/10\/Mercadillo-motero-octubre-2018-212x300.jpg\" alt=\"mercadillo-motero-octubre-2018\" width=\"212\" height=\"300\" srcset=\"https:\/\/static-blogs.hoy.es\/wp-content\/uploads\/sites\/45\/2018\/10\/Mercadillo-motero-octubre-2018-212x300.jpg 212w, https:\/\/static-blogs.hoy.es\/wp-content\/uploads\/sites\/45\/2018\/10\/Mercadillo-motero-octubre-2018-768x1086.jpg 768w, https:\/\/static-blogs.hoy.es\/wp-content\/uploads\/sites\/45\/2018\/10\/Mercadillo-motero-octubre-2018-724x1024.jpg 724w\" sizes=\"(max-width: 212px) 100vw, 212px\" \/><\/a>Ser\u00e1 la s\u00e9ptima edici\u00f3n, y tendr\u00e1 lugar el domingo 7 de octubre, de\u00a0nuevo ser\u00e1\u00a0en la sede\u00a0del\u00a0<a href=\"https:\/\/www.facebook.com\/Custom-Club-Moteros-de-Hoy-1621076571530021\/\" rel=\"external nofollow\">Custom Club Moteros de Hoy<\/a>,\u00a0situado en C\/. Morchuelo, n\u00ba 21-A (Barriada de Llera), de Badajoz, si pones en\u00a0<a href=\"https:\/\/www.google.es\/maps\/place\/Custom+Club+Moteros+de+Hoy\/@38.8542164,-6.988756,17z\/data=!3m1!4b1!4m5!3m4!1s0xd16e442a1b1ac39:0xc5fd4d82530d60c0!8m2!3d38.8542164!4d-6.9865673\" rel=\"external nofollow\">Google maps<\/a>, ir a \u201cMoteros de Hoy\u201d, te llevar\u00e1 a la puerta,\u00a0<span id=\"more-2333\"><\/span>para los que carec\u00e9is de esas tecnolog\u00edas, por la calle de acceso al antiguo cementerio todo recto, y antes de finalizar lo asfaltado la pen\u00faltima calle de la izquierda.<\/p>\n<p>Como en ediciones anteriores, dar\u00e1 comienzo a las 11:30 horas, y los que tengan pensado llevar cosas para exponerlas para su venta recordar llegar un poco antes, estar\u00e1 abierto desde las 11. M\u00e1s que nada por colocar las cosas, ponerles precio&#8230; y si quer\u00e9is tomar un caf\u00e9.<\/p>\n<p>Se recuerda que el <a href=\"https:\/\/www.facebook.com\/Custom-Club-Moteros-de-Hoy-1621076571530021\/\" rel=\"external nofollow\">Custom Club Moteros de Hoy<\/a>, no se responsabiliza de la venta o cambio de las cosas que all\u00ed se realicen, pues lo \u00fanico que hace es dejar su local para que se re\u00fana el personal, las transacciones son particulares de cada cual.<\/p>\n<p>Sobre las 13:00 horas habr\u00e1\u00a0alg\u00fan picoteo, hasta fin de existencias.<\/p>\n<p>Para poder participar en el mercadillo motero puedes ir libremente para ver que hay, y en caso de que tengas accesorios moteros o piezas de motocicletas puedes llevarlos e intentar venderlos, seguro que tienes suerte y vendes algo, o lo cambias por algo que veas all\u00ed. No es necesario que sea algo custom, pero si que tenga algo que ver con el mundo de la moto. Os dejo un <a href=\"https:\/\/www.youtube.com\/watch?v=afJEGv6zo14\" rel=\"external nofollow\">enlace a un v\u00eddeo de otras ediciones<\/a> para que os hag\u00e1is una idea si a\u00fan no hab\u00e9is ido por all\u00ed.<\/p>\n<p>All\u00ed dispondremos de material nuevo con descuentos, aprov\u00e9chate!! En \u00e9sta ocasi\u00f3n habr\u00e1 material nuevo de la tienda <a href=\"https:\/\/www.facebook.com\/extremaduramotoboutique\/\" rel=\"external nofollow\">Motoboutique<\/a>. No lo dudes y acude a pasar un buen rato.<\/p>\n<p>Saludos y r\u00e1fagas.<\/p>\n<!-- AddThis Advanced Settings generic via filter on the_content --><!-- AddThis Share Buttons generic via filter on the_content -->","protected":false},"excerpt":{"rendered":"<p>En octubre tendremos mercadillo motero en Badajoz. Ser\u00e1 la s\u00e9ptima edici\u00f3n, y tendr\u00e1 lugar el domingo 7 de octubre, de\u00a0nuevo ser\u00e1\u00a0en la sede\u00a0del\u00a0Custom Club Moteros de Hoy,\u00a0situado en C\/. Morchuelo, n\u00ba 21-A (Barriada de Llera), de Badajoz, si pones en\u00a0Google maps, ir a \u201cMoteros de Hoy\u201d, te llevar\u00e1 a la puerta,\u00a0para los que carec\u00e9is de [&hellip;]<!-- AddThis Advanced Settings generic via filter on get_the_excerpt --><!-- AddThis Share Buttons generic via filter on get_the_excerpt --><\/p>\n","protected":false},"author":49,"featured_media":0,"comment_status":"open","ping_status":"closed","sticky":false,"template":"","format":"standard","meta":[],"categories":[13],"tags":[87,382,1239,618,622,664],"_links":{"self":[{"href":"https:\/\/blogs.hoy.es\/moterosdehoy\/wp-json\/wp\/v2\/posts\/2593"}],"collection":[{"href":"https:\/\/blogs.hoy.es\/moterosdehoy\/wp-json\/wp\/v2\/posts"}],"about":[{"href":"https:\/\/blogs.hoy.es\/moterosdehoy\/wp-json\/wp\/v2\/types\/post"}],"author":[{"embeddable":true,"href":"https:\/\/blogs.hoy.es\/moterosdehoy\/wp-json\/wp\/v2\/users\/49"}],"replies":[{"embeddable":true,"href":"https:\/\/blogs.hoy.es\/moterosdehoy\/wp-json\/wp\/v2\/comments?post=2593"}],"version-history":[{"count":3,"href":"https:\/\/blogs.hoy.es\/moterosdehoy\/wp-json\/wp\/v2\/posts\/2593\/revisions"}],"predecessor-version":[{"id":2597,"href":"https:\/\/blogs.hoy.es\/moterosdehoy\/wp-json\/wp\/v2\/posts\/2593\/revisions\/2597"}],"wp:attachment":[{"href":"https:\/\/blogs.hoy.es\/moterosdehoy\/wp-json\/wp\/v2\/media?parent=2593"}],"wp:term":[{"taxonomy":"category","embeddable":true,"href":"https:\/\/blogs.hoy.es\/moterosdehoy\/wp-json\/wp\/v2\/categories?post=2593"},{"taxonomy":"post_tag","embeddable":true,"href":"https:\/\/blogs.hoy.es\/moterosdehoy\/wp-json\/wp\/v2\/tags?post=2593"}],"curies":[{"name":"wp","href":"https:\/\/api.w.org\/{rel}","templated":true}]}}