{"id":2598,"date":"2018-10-08T21:58:41","date_gmt":"2018-10-08T21:58:41","guid":{"rendered":"http:\/\/blogs.hoy.es\/moterosdehoy\/?p=2598"},"modified":"2022-06-01T15:42:52","modified_gmt":"2022-06-01T15:42:52","slug":"concentracion-custom-foodtrucks-en-badajoz","status":"publish","type":"post","link":"https:\/\/blogs.hoy.es\/moterosdehoy\/2018\/10\/08\/concentracion-custom-foodtrucks-en-badajoz\/","title":{"rendered":"Concentraci\u00f3n Custom &#8211; FoodTrucks en Badajoz"},"content":{"rendered":"<p>Los FoodTrucks, veh\u00edculos de comida, vuelven a Badajoz. Del 12 al 14 de octubre habr\u00e1 un festival gastron\u00f3mico en el auditorio municipal Ricardo Carapeto.<\/p>\n<p><a href=\"https:\/\/static-blogs.hoy.es\/wp-content\/uploads\/sites\/45\/2018\/10\/2018-10-FoodTruck-.jpg\"><img loading=\"lazy\" class=\"alignleft size-medium wp-image-2599\" src=\"https:\/\/static-blogs.hoy.es\/wp-content\/uploads\/sites\/45\/2018\/10\/2018-10-FoodTruck--213x300.jpg\" alt=\"2018-10-foodtruck\" width=\"213\" height=\"300\" srcset=\"https:\/\/static-blogs.hoy.es\/wp-content\/uploads\/sites\/45\/2018\/10\/2018-10-FoodTruck--213x300.jpg 213w, https:\/\/static-blogs.hoy.es\/wp-content\/uploads\/sites\/45\/2018\/10\/2018-10-FoodTruck-.jpg 682w\" sizes=\"(max-width: 213px) 100vw, 213px\" \/><\/a>En la edici\u00f3n del a\u00f1o pasado se realiz\u00f3 una concentraci\u00f3n de vespas, y para \u00e9sta edici\u00f3n han pensado en organizar una concentraci\u00f3n de &#8220;Harleys&#8221;, por variar un poco, como no hay muchas por Badajoz se ha optado en realizar la concentraci\u00f3n de motos custom, de ah\u00ed el t\u00edtulo del cartel, pero por supuesto que ser\u00e1 bien recibida cualquier moto que quiera acompa\u00f1ar, sea del estilo que sea.<\/p>\n<p>El punto de encuentro ser\u00e1 a partir de las 09:30 horas, en el Bar el Nuevo Puerto, en San Roque (<a href=\"http:\/\/www.turismobadajoz.es\/\" rel=\"external nofollow\">Badajoz<\/a>), donde habr\u00e1 caf\u00e9 y migas a un euro, hasta fin de existencias por lo que no te demores mucho en llegar. No hay inscripci\u00f3n.<\/p>\n<p>A las 10:15 h, iniciar\u00e1 una ruta que pasar\u00e1 por Cerro Gordo, Talavera la Real, Bad\u00e9n de Talavera, carretera EX-209, Campo Maior, Elvas, Badajoz. Tanto en Campo Maior, como en Elvas se realizan paradas de 35 minutos, la primera sobre las 11:05, y la segunda sobre las 12:10, para finalizar en el auditorio municipal Ricardo Carapeto, parque de Castelar de Badajoz, sobre las 13:20h, y poder disfrutar del festival gastron\u00f3mico.<\/p>\n<p>La ruta tiene una totalidad de unos 107 kil\u00f3metros, cualquier dep\u00f3sito podr\u00e1 realizarla sin tener que parar a repostar, acude con el dep\u00f3sito lleno.<\/p>\n<p>Parece ser que el tiempo estar\u00e1 algo revuelto,\u00a0de modo que hasta el \u00faltimo momento no se sabr\u00e1 de ciencia cierta si se realiza la ruta establecida en su totalidad, solo en parte, o directamente no se realiza ruta y se acude del desayuno al festival FoodTruck.<\/p>\n<p>Esperemos que el tiempo nos deje disfrutar de la ruta y de los <a href=\"https:\/\/es.wikipedia.org\/wiki\/Food_truck\" rel=\"external nofollow\">FoodTrucks<\/a>.<\/p>\n<p>Saludos y r\u00e1fagas.<\/p>\n<!-- AddThis Advanced Settings generic via filter on the_content --><!-- AddThis Share Buttons generic via filter on the_content -->","protected":false},"excerpt":{"rendered":"<p>Los FoodTrucks, veh\u00edculos de comida, vuelven a Badajoz. Del 12 al 14 de octubre habr\u00e1 un festival gastron\u00f3mico en el auditorio municipal Ricardo Carapeto. En la edici\u00f3n del a\u00f1o pasado se realiz\u00f3 una concentraci\u00f3n de vespas, y para \u00e9sta edici\u00f3n han pensado en organizar una concentraci\u00f3n de &#8220;Harleys&#8221;, por variar un poco, como no hay [&hellip;]<!-- AddThis Advanced Settings generic via filter on get_the_excerpt --><!-- AddThis Share Buttons generic via filter on get_the_excerpt --><\/p>\n","protected":false},"author":49,"featured_media":0,"comment_status":"open","ping_status":"closed","sticky":false,"template":"","format":"standard","meta":[],"categories":[13],"tags":[87,382,1240,622,1241],"_links":{"self":[{"href":"https:\/\/blogs.hoy.es\/moterosdehoy\/wp-json\/wp\/v2\/posts\/2598"}],"collection":[{"href":"https:\/\/blogs.hoy.es\/moterosdehoy\/wp-json\/wp\/v2\/posts"}],"about":[{"href":"https:\/\/blogs.hoy.es\/moterosdehoy\/wp-json\/wp\/v2\/types\/post"}],"author":[{"embeddable":true,"href":"https:\/\/blogs.hoy.es\/moterosdehoy\/wp-json\/wp\/v2\/users\/49"}],"replies":[{"embeddable":true,"href":"https:\/\/blogs.hoy.es\/moterosdehoy\/wp-json\/wp\/v2\/comments?post=2598"}],"version-history":[{"count":4,"href":"https:\/\/blogs.hoy.es\/moterosdehoy\/wp-json\/wp\/v2\/posts\/2598\/revisions"}],"predecessor-version":[{"id":2603,"href":"https:\/\/blogs.hoy.es\/moterosdehoy\/wp-json\/wp\/v2\/posts\/2598\/revisions\/2603"}],"wp:attachment":[{"href":"https:\/\/blogs.hoy.es\/moterosdehoy\/wp-json\/wp\/v2\/media?parent=2598"}],"wp:term":[{"taxonomy":"category","embeddable":true,"href":"https:\/\/blogs.hoy.es\/moterosdehoy\/wp-json\/wp\/v2\/categories?post=2598"},{"taxonomy":"post_tag","embeddable":true,"href":"https:\/\/blogs.hoy.es\/moterosdehoy\/wp-json\/wp\/v2\/tags?post=2598"}],"curies":[{"name":"wp","href":"https:\/\/api.w.org\/{rel}","templated":true}]}}