{"id":26,"date":"2012-05-25T22:34:44","date_gmt":"2012-05-25T22:34:44","guid":{"rendered":"http:\/\/blogs.hoy.es\/moterosdehoy\/?p=26"},"modified":"2012-05-25T22:34:44","modified_gmt":"2012-05-25T22:34:44","slug":"xv-concentracion-motera-los-serranitos","status":"publish","type":"post","link":"https:\/\/blogs.hoy.es\/moterosdehoy\/2012\/05\/25\/xv-concentracion-motera-los-serranitos\/","title":{"rendered":"2012-05-25 XV Concentraci\u00f3n motera Los Serranitos"},"content":{"rendered":"<p>Durante \u00e9ste fin de semana (d\u00edas 25, 26 y 27 de mayo 2012) tenemos la XV Concentraci\u00f3n Motera SERRANITOS 2012. De la mano de la pe\u00f1a motera &#8216;Los Vend\u00edos&#8217; har\u00e1n que un a\u00f1o m\u00e1s el pueblo de Fregenal de la Sierra se vuelque con los moteros.<\/p>\n<p><a href=\"\/moterosdehoy\/wp-content\/uploads\/sites\/45\/2012\/05\/Serranitos-2012.jpg\"><img loading=\"lazy\" class=\"size-medium wp-image-27 alignright\" title=\"Serranitos 2012\" src=\"\/moterosdehoy\/wp-content\/uploads\/sites\/45\/2012\/05\/Serranitos-2012.jpg\" alt=\"\" width=\"216\" height=\"300\" srcset=\"https:\/\/static-blogs.hoy.es\/wp-content\/uploads\/sites\/45\/2012\/05\/Serranitos-2012.jpg 304w, https:\/\/static-blogs.hoy.es\/wp-content\/uploads\/sites\/45\/2012\/05\/Serranitos-2012-216x300.jpg 216w\" sizes=\"(max-width: 216px) 100vw, 216px\" \/><\/a><\/p>\n<p>Se realizar\u00e1 una ruta con degustaci\u00f3n de ib\u00e9ricos, paella y parrillada, en fin una fiesta motera en toda regla.<\/p>\n<p>La concentraci\u00f3n tiene su base en el Paseo de la Constituci\u00f3n y las inscripciones est\u00e1n abiertas desde el viernes, con acampada gratuita y vigilada en el Complejo Deportivo Municipal. El s\u00e1bado por la tarde habr\u00e1 una ruta bar\u00edtima-tur\u00edstica y despu\u00e9s de medianoche m\u00fasica y show er\u00f3tico mixto, para el domingo comenzar con un desayuno para coger fuerzas, seguido de otra ruta del estilo de la del d\u00eda anterior y posterior comida motera.<\/p>\n<p>Los precios de la inscripci\u00f3n oscilar\u00e1n entre los 15 y los 28 euros, dependiendo si es solo para el domingo o todo el fin de semana. Al finalizar la comida del domingo se realizar\u00e1 una entrega de trofeos y regalos.<\/p>\n<p>En \u00e9sta edici\u00f3n el premio al m\u00e1s lejano recay\u00f3 nada m\u00e1s y nada menos a un motero que se hab\u00eda desplazado desde Alemania.<\/p>\n<p><strong>\u00a0 \u00a0Saludos y r\u00e1fagas.<\/strong><\/p>\n<!-- AddThis Advanced Settings generic via filter on the_content --><!-- AddThis Share Buttons generic via filter on the_content -->","protected":false},"excerpt":{"rendered":"<p>Durante \u00e9ste fin de semana (d\u00edas 25, 26 y 27 de mayo 2012) tenemos la XV Concentraci\u00f3n Motera SERRANITOS 2012. De la mano de la pe\u00f1a motera &#8216;Los Vend\u00edos&#8217; har\u00e1n que un a\u00f1o m\u00e1s el pueblo de Fregenal de la Sierra se vuelque con los moteros. Se realizar\u00e1 una ruta con degustaci\u00f3n de ib\u00e9ricos, paella [&hellip;]<!-- AddThis Advanced Settings generic via filter on get_the_excerpt --><!-- AddThis Share Buttons generic via filter on get_the_excerpt --><\/p>\n","protected":false},"author":49,"featured_media":0,"comment_status":"open","ping_status":"closed","sticky":false,"template":"","format":"standard","meta":[],"categories":[13],"tags":[194,207,227,622,624],"_links":{"self":[{"href":"https:\/\/blogs.hoy.es\/moterosdehoy\/wp-json\/wp\/v2\/posts\/26"}],"collection":[{"href":"https:\/\/blogs.hoy.es\/moterosdehoy\/wp-json\/wp\/v2\/posts"}],"about":[{"href":"https:\/\/blogs.hoy.es\/moterosdehoy\/wp-json\/wp\/v2\/types\/post"}],"author":[{"embeddable":true,"href":"https:\/\/blogs.hoy.es\/moterosdehoy\/wp-json\/wp\/v2\/users\/49"}],"replies":[{"embeddable":true,"href":"https:\/\/blogs.hoy.es\/moterosdehoy\/wp-json\/wp\/v2\/comments?post=26"}],"version-history":[{"count":0,"href":"https:\/\/blogs.hoy.es\/moterosdehoy\/wp-json\/wp\/v2\/posts\/26\/revisions"}],"wp:attachment":[{"href":"https:\/\/blogs.hoy.es\/moterosdehoy\/wp-json\/wp\/v2\/media?parent=26"}],"wp:term":[{"taxonomy":"category","embeddable":true,"href":"https:\/\/blogs.hoy.es\/moterosdehoy\/wp-json\/wp\/v2\/categories?post=26"},{"taxonomy":"post_tag","embeddable":true,"href":"https:\/\/blogs.hoy.es\/moterosdehoy\/wp-json\/wp\/v2\/tags?post=26"}],"curies":[{"name":"wp","href":"https:\/\/api.w.org\/{rel}","templated":true}]}}