{"id":2604,"date":"2018-10-09T21:52:36","date_gmt":"2018-10-09T21:52:36","guid":{"rendered":"http:\/\/blogs.hoy.es\/moterosdehoy\/?p=2604"},"modified":"2022-06-01T15:42:43","modified_gmt":"2022-06-01T15:42:43","slug":"ii-convivencia-motera-en-villafranco-del-guadiana","status":"publish","type":"post","link":"https:\/\/blogs.hoy.es\/moterosdehoy\/2018\/10\/09\/ii-convivencia-motera-en-villafranco-del-guadiana\/","title":{"rendered":"II Convivencia motera en Villafranco del Guadiana"},"content":{"rendered":"<p>Por segundo a\u00f1o consecutivo la pe\u00f1a motera Villamoteros 12+1, nos ha organizado un evento en su localidad, Villafranco del Guadiana (Badajoz), y de nuevo har\u00e1n lo posible para que pasemos un gran d\u00eda, para lo que han buscado un mont\u00f3n de colaboradores y patrocinadores, adem\u00e1s en \u00e9sta ocasi\u00f3n se ver\u00e1n ayudados en la organizaci\u00f3n por el Bar Aki Mismo.<\/p>\n<p><a href=\"https:\/\/static-blogs.hoy.es\/wp-content\/uploads\/sites\/45\/2018\/10\/2018-10-Villafranco-del-Guadiana.jpg\"><img loading=\"lazy\" class=\"alignleft size-medium wp-image-2605\" src=\"https:\/\/static-blogs.hoy.es\/wp-content\/uploads\/sites\/45\/2018\/10\/2018-10-Villafranco-del-Guadiana-192x300.jpg\" alt=\"2018-10-villafranco-del-guadiana\" width=\"192\" height=\"300\" srcset=\"https:\/\/static-blogs.hoy.es\/wp-content\/uploads\/sites\/45\/2018\/10\/2018-10-Villafranco-del-Guadiana-192x300.jpg 192w, https:\/\/static-blogs.hoy.es\/wp-content\/uploads\/sites\/45\/2018\/10\/2018-10-Villafranco-del-Guadiana-768x1199.jpg 768w, https:\/\/static-blogs.hoy.es\/wp-content\/uploads\/sites\/45\/2018\/10\/2018-10-Villafranco-del-Guadiana-656x1024.jpg 656w, https:\/\/static-blogs.hoy.es\/wp-content\/uploads\/sites\/45\/2018\/10\/2018-10-Villafranco-del-Guadiana.jpg 946w\" sizes=\"(max-width: 192px) 100vw, 192px\" \/><\/a>Tendr\u00e1 lugar el d\u00eda 20 de octubre y dar\u00e1 comienzo a las 09:30 h, con desayuno, para iniciar una ruta por los pueblos de los alrededores y aperitivo a las 13:30 h, con paella, panceta, dulces&#8230;<\/p>\n<p>Durante la ruta habr\u00e1 una parada en La Albuera, en el Hostal Restaurante Don Pepe, donde seg\u00fan el cartel procurar\u00e1n de quitarnos la sed.<\/p>\n<p>Tal y como fue la edici\u00f3n del a\u00f1o pasado todo apunta a que ser\u00e1 un gran d\u00eda entre amigos. No lo dudes y acude a pasar un gran d\u00eda.<\/p>\n<p>Saludos y r\u00e1fagas.<\/p>\n<!-- AddThis Advanced Settings generic via filter on the_content --><!-- AddThis Share Buttons generic via filter on the_content -->","protected":false},"excerpt":{"rendered":"<p>Por segundo a\u00f1o consecutivo la pe\u00f1a motera Villamoteros 12+1, nos ha organizado un evento en su localidad, Villafranco del Guadiana (Badajoz), y de nuevo har\u00e1n lo posible para que pasemos un gran d\u00eda, para lo que han buscado un mont\u00f3n de colaboradores y patrocinadores, adem\u00e1s en \u00e9sta ocasi\u00f3n se ver\u00e1n ayudados en la organizaci\u00f3n por [&hellip;]<!-- AddThis Advanced Settings generic via filter on get_the_excerpt --><!-- AddThis Share Buttons generic via filter on get_the_excerpt --><\/p>\n","protected":false},"author":49,"featured_media":0,"comment_status":"open","ping_status":"closed","sticky":false,"template":"","format":"standard","meta":[],"categories":[13],"tags":[87,382,618,622,664,1014],"_links":{"self":[{"href":"https:\/\/blogs.hoy.es\/moterosdehoy\/wp-json\/wp\/v2\/posts\/2604"}],"collection":[{"href":"https:\/\/blogs.hoy.es\/moterosdehoy\/wp-json\/wp\/v2\/posts"}],"about":[{"href":"https:\/\/blogs.hoy.es\/moterosdehoy\/wp-json\/wp\/v2\/types\/post"}],"author":[{"embeddable":true,"href":"https:\/\/blogs.hoy.es\/moterosdehoy\/wp-json\/wp\/v2\/users\/49"}],"replies":[{"embeddable":true,"href":"https:\/\/blogs.hoy.es\/moterosdehoy\/wp-json\/wp\/v2\/comments?post=2604"}],"version-history":[{"count":2,"href":"https:\/\/blogs.hoy.es\/moterosdehoy\/wp-json\/wp\/v2\/posts\/2604\/revisions"}],"predecessor-version":[{"id":2607,"href":"https:\/\/blogs.hoy.es\/moterosdehoy\/wp-json\/wp\/v2\/posts\/2604\/revisions\/2607"}],"wp:attachment":[{"href":"https:\/\/blogs.hoy.es\/moterosdehoy\/wp-json\/wp\/v2\/media?parent=2604"}],"wp:term":[{"taxonomy":"category","embeddable":true,"href":"https:\/\/blogs.hoy.es\/moterosdehoy\/wp-json\/wp\/v2\/categories?post=2604"},{"taxonomy":"post_tag","embeddable":true,"href":"https:\/\/blogs.hoy.es\/moterosdehoy\/wp-json\/wp\/v2\/tags?post=2604"}],"curies":[{"name":"wp","href":"https:\/\/api.w.org\/{rel}","templated":true}]}}