{"id":2614,"date":"2018-10-22T08:30:36","date_gmt":"2018-10-22T08:30:36","guid":{"rendered":"http:\/\/blogs.hoy.es\/moterosdehoy\/?p=2614"},"modified":"2022-06-01T15:42:25","modified_gmt":"2022-06-01T15:42:25","slug":"seguridad-vial-y-motociclistas","status":"publish","type":"post","link":"https:\/\/blogs.hoy.es\/moterosdehoy\/2018\/10\/22\/seguridad-vial-y-motociclistas\/","title":{"rendered":"Seguridad Vial y motociclistas"},"content":{"rendered":"<p>Tal y como estaba anunciado, en la ma\u00f1ana del 21 de octubre tuvo\u00a0lugar una\u00a0<strong>charla de conducci\u00f3n y\u00a0<a href=\"http:\/\/www.dgt.es\/es\/seguridad-vial\/\" rel=\"external nofollow\">Seguridad Vial<\/a>\u00a0para motociclistas<\/strong>\u00a0en el\u00a0<strong><a href=\"https:\/\/www.aytobadajoz.es\/es\/ayto\/participacion-ciudadana\/20811\/centro-civico-pardaleras\" rel=\"external nofollow\">Centro C\u00edvico de Pardaleras<\/a>\u00a0<\/strong>(<a href=\"http:\/\/www.turismobadajoz.es\/\" rel=\"external nofollow\"><strong>Badajoz<\/strong><\/a>).<\/p>\n<p><a href=\"https:\/\/static-blogs.hoy.es\/wp-content\/uploads\/sites\/45\/2018\/10\/Charla-Seguridad-Vial.jpg\"><img loading=\"lazy\" class=\"alignleft size-medium wp-image-2615\" src=\"https:\/\/static-blogs.hoy.es\/wp-content\/uploads\/sites\/45\/2018\/10\/Charla-Seguridad-Vial-300x169.jpg\" alt=\"charla-seguridad-vial\" width=\"300\" height=\"169\" srcset=\"https:\/\/static-blogs.hoy.es\/wp-content\/uploads\/sites\/45\/2018\/10\/Charla-Seguridad-Vial-300x169.jpg 300w, https:\/\/static-blogs.hoy.es\/wp-content\/uploads\/sites\/45\/2018\/10\/Charla-Seguridad-Vial-768x432.jpg 768w, https:\/\/static-blogs.hoy.es\/wp-content\/uploads\/sites\/45\/2018\/10\/Charla-Seguridad-Vial-1024x576.jpg 1024w, https:\/\/static-blogs.hoy.es\/wp-content\/uploads\/sites\/45\/2018\/10\/Charla-Seguridad-Vial.jpg 1600w\" sizes=\"(max-width: 300px) 100vw, 300px\" \/><\/a>Para ser la primera no estuvo nada mal y asistieron unas veinte personas, como se ir\u00e1 repitiendo seguro que cada vez acude m\u00e1s personal, para el mes de noviembre tambi\u00e9n habr\u00e1. Aunque de momento no est\u00e1 fijada la fecha lo m\u00e1s probable es que se realice en la segunda quincena, dependiendo de otros eventos moteros que puedan haber, pudiendo trasladarse para mediados de diciembre.<\/p>\n<p>La idea es ir tratando temas diferentes pues hay muchos que tratar. En \u00e9sta ocasi\u00f3n se hizo una introducci\u00f3n para hacer ver que todos formamos parte de la Seguridad Vial, y hace falta concienciaci\u00f3n, pues la base para que todos usemos las v\u00edas con seguridad, independientemente sea como conductor, pasajero o peat\u00f3n. Luego se habl\u00f3 de como subir y bajar de una motocicleta, tanto el conductor, como el pasajero. C\u00f3mo y d\u00f3nde estacionar la moto. Conducci\u00f3n en mojado. Y para finalizar conducci\u00f3n en grupo.<\/p>\n<p>Varias personas me han pedido que transcribiera por aqu\u00ed lo hablado en la charla, pero el fin de la charla no es soltar un mon\u00f3logo, ni dar una clase a nadie, todos sabemos lo que se pueda hablar all\u00ed, se trata de pasar un rato distendido aclarando alguna duda que se pueda tener, por lo que invito a quien est\u00e9 interesado en que acuda a futuras charlas.<\/p>\n<p>Aprovecho para dar las gracias a la AAVV de Pardaleras, y a la Concejal\u00eda de Participaci\u00f3n Ciudadana de Badajoz, pues gracias a ellos pudo tener lugar la citada charla. Esperemos poder disponer de mayor material para futuras e ir mejorando.<\/p>\n<p><a href=\"https:\/\/www.facebook.com\/moteroshoy\/\" rel=\"external nofollow\">Saludos y r\u00e1fagas<\/a>.<\/p>\n<!-- AddThis Advanced Settings generic via filter on the_content --><!-- AddThis Share Buttons generic via filter on the_content -->","protected":false},"excerpt":{"rendered":"<p>Tal y como estaba anunciado, en la ma\u00f1ana del 21 de octubre tuvo\u00a0lugar una\u00a0charla de conducci\u00f3n y\u00a0Seguridad Vial\u00a0para motociclistas\u00a0en el\u00a0Centro C\u00edvico de Pardaleras\u00a0(Badajoz). Para ser la primera no estuvo nada mal y asistieron unas veinte personas, como se ir\u00e1 repitiendo seguro que cada vez acude m\u00e1s personal, para el mes de noviembre tambi\u00e9n habr\u00e1. Aunque [&hellip;]<!-- AddThis Advanced Settings generic via filter on get_the_excerpt --><!-- AddThis Share Buttons generic via filter on get_the_excerpt --><\/p>\n","protected":false},"author":49,"featured_media":0,"comment_status":"open","ping_status":"closed","sticky":false,"template":"","format":"standard","meta":[],"categories":[4,13],"tags":[69,87,1244,1144,382,622,1245],"_links":{"self":[{"href":"https:\/\/blogs.hoy.es\/moterosdehoy\/wp-json\/wp\/v2\/posts\/2614"}],"collection":[{"href":"https:\/\/blogs.hoy.es\/moterosdehoy\/wp-json\/wp\/v2\/posts"}],"about":[{"href":"https:\/\/blogs.hoy.es\/moterosdehoy\/wp-json\/wp\/v2\/types\/post"}],"author":[{"embeddable":true,"href":"https:\/\/blogs.hoy.es\/moterosdehoy\/wp-json\/wp\/v2\/users\/49"}],"replies":[{"embeddable":true,"href":"https:\/\/blogs.hoy.es\/moterosdehoy\/wp-json\/wp\/v2\/comments?post=2614"}],"version-history":[{"count":3,"href":"https:\/\/blogs.hoy.es\/moterosdehoy\/wp-json\/wp\/v2\/posts\/2614\/revisions"}],"predecessor-version":[{"id":2618,"href":"https:\/\/blogs.hoy.es\/moterosdehoy\/wp-json\/wp\/v2\/posts\/2614\/revisions\/2618"}],"wp:attachment":[{"href":"https:\/\/blogs.hoy.es\/moterosdehoy\/wp-json\/wp\/v2\/media?parent=2614"}],"wp:term":[{"taxonomy":"category","embeddable":true,"href":"https:\/\/blogs.hoy.es\/moterosdehoy\/wp-json\/wp\/v2\/categories?post=2614"},{"taxonomy":"post_tag","embeddable":true,"href":"https:\/\/blogs.hoy.es\/moterosdehoy\/wp-json\/wp\/v2\/tags?post=2614"}],"curies":[{"name":"wp","href":"https:\/\/api.w.org\/{rel}","templated":true}]}}