{"id":2619,"date":"2018-11-01T11:20:24","date_gmt":"2018-11-01T11:20:24","guid":{"rendered":"http:\/\/blogs.hoy.es\/moterosdehoy\/?p=2619"},"modified":"2022-06-01T15:42:14","modified_gmt":"2022-06-01T15:42:14","slug":"quedada-motera-en-pueblonuevo-del-guadiana","status":"publish","type":"post","link":"https:\/\/blogs.hoy.es\/moterosdehoy\/2018\/11\/01\/quedada-motera-en-pueblonuevo-del-guadiana\/","title":{"rendered":"Quedada motera en Pueblonuevo del Guadiana"},"content":{"rendered":"<p>Para el 04 de noviembre tendremos en Pueblonuevo del Guadiana (Badajoz) una quedada motera.<\/p>\n<p><a href=\"https:\/\/static-blogs.hoy.es\/wp-content\/uploads\/sites\/45\/2018\/11\/2018-11-Pueblo-Nuevo.jpg\"><img loading=\"lazy\" class=\"alignleft size-medium wp-image-2620\" src=\"https:\/\/static-blogs.hoy.es\/wp-content\/uploads\/sites\/45\/2018\/11\/2018-11-Pueblo-Nuevo-281x300.jpg\" alt=\"2018-11-pueblo-nuevo\" width=\"281\" height=\"300\" srcset=\"https:\/\/static-blogs.hoy.es\/wp-content\/uploads\/sites\/45\/2018\/11\/2018-11-Pueblo-Nuevo-281x300.jpg 281w, https:\/\/static-blogs.hoy.es\/wp-content\/uploads\/sites\/45\/2018\/11\/2018-11-Pueblo-Nuevo-768x819.jpg 768w, https:\/\/static-blogs.hoy.es\/wp-content\/uploads\/sites\/45\/2018\/11\/2018-11-Pueblo-Nuevo-960x1024.jpg 960w, https:\/\/static-blogs.hoy.es\/wp-content\/uploads\/sites\/45\/2018\/11\/2018-11-Pueblo-Nuevo.jpg 1422w\" sizes=\"(max-width: 281px) 100vw, 281px\" \/><\/a>Viene organizada de la mano del Mes\u00f3n Benegas, bajo el nombre de &#8220;I Quedada Motera Mes\u00f3n Benegas&#8221;. Dicho mes\u00f3n ha decidido organizar la quedada ya que un grupo motero de su localidad &#8220;Los Achooos&#8221; se re\u00fanen all\u00ed, tom\u00e1ndolo como sede, y siendo punto de encuentro para salidas y regresos de sus rutas.<\/p>\n<p>Para el evento han puesto como hora de inicio las 10 horas, para desayunar y coger fuerzas.<\/p>\n<p>A las 11:30h, iniciar\u00e1 una ruta pasando por el Bad\u00e9n de Talavera, La Albuera, y parada en La Taberna de Juantxo, sita en el barrio de Ciudad Jard\u00edn de Badajoz, tras picar algo se realizar\u00e1 la ruta de regreso a Pueblonuevo del Guadiana, donde el Mes\u00f3n organizador tendr\u00e1 preparada una caldereta gratis para los asistentes, amenizado con m\u00fasica de Dj Michael.<\/p>\n<p>Seguro que ser\u00e1 un buen d\u00eda de convivencia motera, ideal para reunirnos, conocer nuevos amigos y reencontrarnos con los conocidos.<\/p>\n<p>Saludos y r\u00e1fagas.<\/p>\n<!-- AddThis Advanced Settings generic via filter on the_content --><!-- AddThis Share Buttons generic via filter on the_content -->","protected":false},"excerpt":{"rendered":"<p>Para el 04 de noviembre tendremos en Pueblonuevo del Guadiana (Badajoz) una quedada motera. Viene organizada de la mano del Mes\u00f3n Benegas, bajo el nombre de &#8220;I Quedada Motera Mes\u00f3n Benegas&#8221;. Dicho mes\u00f3n ha decidido organizar la quedada ya que un grupo motero de su localidad &#8220;Los Achooos&#8221; se re\u00fanen all\u00ed, tom\u00e1ndolo como sede, y [&hellip;]<!-- AddThis Advanced Settings generic via filter on get_the_excerpt --><!-- AddThis Share Buttons generic via filter on get_the_excerpt --><\/p>\n","protected":false},"author":49,"featured_media":0,"comment_status":"open","ping_status":"closed","sticky":false,"template":"","format":"standard","meta":[],"categories":[13],"tags":[1247,1246,622,624,1139,1248],"_links":{"self":[{"href":"https:\/\/blogs.hoy.es\/moterosdehoy\/wp-json\/wp\/v2\/posts\/2619"}],"collection":[{"href":"https:\/\/blogs.hoy.es\/moterosdehoy\/wp-json\/wp\/v2\/posts"}],"about":[{"href":"https:\/\/blogs.hoy.es\/moterosdehoy\/wp-json\/wp\/v2\/types\/post"}],"author":[{"embeddable":true,"href":"https:\/\/blogs.hoy.es\/moterosdehoy\/wp-json\/wp\/v2\/users\/49"}],"replies":[{"embeddable":true,"href":"https:\/\/blogs.hoy.es\/moterosdehoy\/wp-json\/wp\/v2\/comments?post=2619"}],"version-history":[{"count":1,"href":"https:\/\/blogs.hoy.es\/moterosdehoy\/wp-json\/wp\/v2\/posts\/2619\/revisions"}],"predecessor-version":[{"id":2621,"href":"https:\/\/blogs.hoy.es\/moterosdehoy\/wp-json\/wp\/v2\/posts\/2619\/revisions\/2621"}],"wp:attachment":[{"href":"https:\/\/blogs.hoy.es\/moterosdehoy\/wp-json\/wp\/v2\/media?parent=2619"}],"wp:term":[{"taxonomy":"category","embeddable":true,"href":"https:\/\/blogs.hoy.es\/moterosdehoy\/wp-json\/wp\/v2\/categories?post=2619"},{"taxonomy":"post_tag","embeddable":true,"href":"https:\/\/blogs.hoy.es\/moterosdehoy\/wp-json\/wp\/v2\/tags?post=2619"}],"curies":[{"name":"wp","href":"https:\/\/api.w.org\/{rel}","templated":true}]}}