{"id":262,"date":"2012-08-26T18:28:43","date_gmt":"2012-08-26T18:28:43","guid":{"rendered":"http:\/\/blogs.hoy.es\/moterosdehoy\/?p=262"},"modified":"2012-08-26T18:28:43","modified_gmt":"2012-08-26T18:28:43","slug":"fotos-iv-concentracion-de-motos-y-coches-clasicos-ciudad-de-lobon","status":"publish","type":"post","link":"https:\/\/blogs.hoy.es\/moterosdehoy\/2012\/08\/26\/fotos-iv-concentracion-de-motos-y-coches-clasicos-ciudad-de-lobon\/","title":{"rendered":"Fotos IV concentraci\u00f3n de motos y coches cl\u00e1sicos Ciudad de Lob\u00f3n."},"content":{"rendered":"<p><strong>Fotos de la <a title=\"IV Concentraci\u00f3n de motos Ciudad de Lob\u00f3n\" href=\"https:\/\/blogs.hoy.es\/moterosdehoy\/2012\/08\/21\/iv-concentracion-de-motos-clasicas-en-lobon\/\" target=\"_blank\">IV Concentraci\u00f3n de motos<\/a> y coches cl\u00e1sicos en Ciudad de Lob\u00f3n:<\/strong><a href=\"\/moterosdehoy\/wp-content\/uploads\/sites\/45\/2012\/08\/2012-08-26-Motos-cl\u00e1sicas-Lob\u00f3n1.jpg\"><br \/>\n<\/a><a href=\"\/moterosdehoy\/wp-content\/uploads\/sites\/45\/2012\/08\/IMG_0932.jpg\"><br \/>\n<\/a><\/p>\n<p style=\"text-align: justify;\">\u00a0 \u00a0 En la pen\u00faltima fotograf\u00eda aparece el Ecmo. Sr. Alcalde de la Ciudad entregando el premio a la moto cl\u00e1sica mejor conservada. En la \u00faltima de nuevo entregando el premio al coche cl\u00e1sico (un SAAB modelo 96, del a\u00f1o 1963). En ambas al micr\u00f3fono se encuentra el Sr. Teniente Alcalde de la localidad y a su izquierda la cantante del grupo Alborada, tambi\u00e9n de Lob\u00f3n, grupo que ameniz\u00f3 la fiesta tras la entrega de premios.<\/p>\n<p><strong>\u00a0 \u00a0 Saludos y r\u00e1fagas.<\/strong><\/p>\n<!-- AddThis Advanced Settings generic via filter on the_content --><!-- AddThis Share Buttons generic via filter on the_content -->","protected":false},"excerpt":{"rendered":"<p>Fotos de la IV Concentraci\u00f3n de motos y coches cl\u00e1sicos en Ciudad de Lob\u00f3n: \u00a0 \u00a0 En la pen\u00faltima fotograf\u00eda aparece el Ecmo. Sr. Alcalde de la Ciudad entregando el premio a la moto cl\u00e1sica mejor conservada. En la \u00faltima de nuevo entregando el premio al coche cl\u00e1sico (un SAAB modelo 96, del a\u00f1o 1963). [&hellip;]<!-- AddThis Advanced Settings generic via filter on get_the_excerpt --><!-- AddThis Share Buttons generic via filter on get_the_excerpt --><\/p>\n","protected":false},"author":49,"featured_media":0,"comment_status":"open","ping_status":"closed","sticky":false,"template":"","format":"standard","meta":[],"categories":[7,13],"tags":[417,622,639],"_links":{"self":[{"href":"https:\/\/blogs.hoy.es\/moterosdehoy\/wp-json\/wp\/v2\/posts\/262"}],"collection":[{"href":"https:\/\/blogs.hoy.es\/moterosdehoy\/wp-json\/wp\/v2\/posts"}],"about":[{"href":"https:\/\/blogs.hoy.es\/moterosdehoy\/wp-json\/wp\/v2\/types\/post"}],"author":[{"embeddable":true,"href":"https:\/\/blogs.hoy.es\/moterosdehoy\/wp-json\/wp\/v2\/users\/49"}],"replies":[{"embeddable":true,"href":"https:\/\/blogs.hoy.es\/moterosdehoy\/wp-json\/wp\/v2\/comments?post=262"}],"version-history":[{"count":0,"href":"https:\/\/blogs.hoy.es\/moterosdehoy\/wp-json\/wp\/v2\/posts\/262\/revisions"}],"wp:attachment":[{"href":"https:\/\/blogs.hoy.es\/moterosdehoy\/wp-json\/wp\/v2\/media?parent=262"}],"wp:term":[{"taxonomy":"category","embeddable":true,"href":"https:\/\/blogs.hoy.es\/moterosdehoy\/wp-json\/wp\/v2\/categories?post=262"},{"taxonomy":"post_tag","embeddable":true,"href":"https:\/\/blogs.hoy.es\/moterosdehoy\/wp-json\/wp\/v2\/tags?post=262"}],"curies":[{"name":"wp","href":"https:\/\/api.w.org\/{rel}","templated":true}]}}