{"id":2625,"date":"2018-11-08T10:24:39","date_gmt":"2018-11-08T10:24:39","guid":{"rendered":"http:\/\/blogs.hoy.es\/moterosdehoy\/?p=2625"},"modified":"2022-06-01T15:41:37","modified_gmt":"2022-06-01T15:41:37","slug":"solidaridad-motera","status":"publish","type":"post","link":"https:\/\/blogs.hoy.es\/moterosdehoy\/2018\/11\/08\/solidaridad-motera\/","title":{"rendered":"Solidaridad motera en C\u00e1ceres"},"content":{"rendered":"<p>Nos aproximamos a fechas navide\u00f1as y la solidaridad se respira en el ambiente, son muchos los colectivos que de un modo u otro quieren aportar su granito de arena, aqu\u00ed llega un evento desde la perspectiva motera.<\/p>\n<p><a href=\"https:\/\/static-blogs.hoy.es\/wp-content\/uploads\/sites\/45\/2018\/11\/2018-11-Dirty-Dozen.jpg\"><img loading=\"lazy\" class=\"alignleft size-medium wp-image-2626\" src=\"https:\/\/static-blogs.hoy.es\/wp-content\/uploads\/sites\/45\/2018\/11\/2018-11-Dirty-Dozen-212x300.jpg\" alt=\"2018-11-dirty-dozen\" width=\"212\" height=\"300\" srcset=\"https:\/\/static-blogs.hoy.es\/wp-content\/uploads\/sites\/45\/2018\/11\/2018-11-Dirty-Dozen-212x300.jpg 212w, https:\/\/static-blogs.hoy.es\/wp-content\/uploads\/sites\/45\/2018\/11\/2018-11-Dirty-Dozen.jpg 678w\" sizes=\"(max-width: 212px) 100vw, 212px\" \/><\/a>El grupo motero &#8220;<a href=\"https:\/\/www.facebook.com\/Dirty-Dozen-MC-C%C3%A1ceres-241205025927659\/\" rel=\"external nofollow\">Dirty Dozen MC C\u00e1ceres<\/a>&#8221; nos ha preparado un evento solidario de recogida de alimentos,\u00a0 que tendr\u00e1 lugar en su sede, sita en Av. de la Constituci\u00f3n, 28, Aldea Moret (<a href=\"https:\/\/www.ayto-caceres.es\/turismo\/\" rel=\"external nofollow\">C\u00e1ceres<\/a>) para entregar al <a href=\"https:\/\/www.facebook.com\/BancoAlimentosCC\/\" rel=\"external nofollow\">banco de alimentos de C\u00e1ceres<\/a>.<\/p>\n<p>A partir de las 14 horas habr\u00e1 un cocido hasta agotar existencias, y como en buen evento motero estar\u00e1 amenizado con un concierto, que ser\u00e1 de la mano de Will Hammond Band.<\/p>\n<p>Para los que no teng\u00e1is la oportunidad de ir ese d\u00eda y quer\u00e1is colaborar, hay dos puntos en entrega de alimentos no perecederos disponibles hasta el d\u00eda 11, son:<\/p>\n<p>&#8211; <strong>Nuevo Rialto<\/strong>, Plaza de la Concepci\u00f3n, 16, 10003 C\u00e1ceres.<br \/>\n&#8211; <strong>8\u00ba Arte<\/strong>, Calle Gral. Ezponda, 7, 10003 C\u00e1ceres.<\/p>\n<p>No lo dudes y acude a pasar un buen rato, eso s\u00ed, con alg\u00fan alimento no perecedero para colaborar.<\/p>\n<p>Saludos y r\u00e1fagas.<\/p>\n<p>&nbsp;<\/p>\n<!-- AddThis Advanced Settings generic via filter on the_content --><!-- AddThis Share Buttons generic via filter on the_content -->","protected":false},"excerpt":{"rendered":"<p>Nos aproximamos a fechas navide\u00f1as y la solidaridad se respira en el ambiente, son muchos los colectivos que de un modo u otro quieren aportar su granito de arena, aqu\u00ed llega un evento desde la perspectiva motera. El grupo motero &#8220;Dirty Dozen MC C\u00e1ceres&#8221; nos ha preparado un evento solidario de recogida de alimentos,\u00a0 que [&hellip;]<!-- AddThis Advanced Settings generic via filter on get_the_excerpt --><!-- AddThis Share Buttons generic via filter on get_the_excerpt --><\/p>\n","protected":false},"author":49,"featured_media":0,"comment_status":"open","ping_status":"closed","sticky":false,"template":"","format":"standard","meta":[],"categories":[13],"tags":[1251,126,340,1250,1249],"_links":{"self":[{"href":"https:\/\/blogs.hoy.es\/moterosdehoy\/wp-json\/wp\/v2\/posts\/2625"}],"collection":[{"href":"https:\/\/blogs.hoy.es\/moterosdehoy\/wp-json\/wp\/v2\/posts"}],"about":[{"href":"https:\/\/blogs.hoy.es\/moterosdehoy\/wp-json\/wp\/v2\/types\/post"}],"author":[{"embeddable":true,"href":"https:\/\/blogs.hoy.es\/moterosdehoy\/wp-json\/wp\/v2\/users\/49"}],"replies":[{"embeddable":true,"href":"https:\/\/blogs.hoy.es\/moterosdehoy\/wp-json\/wp\/v2\/comments?post=2625"}],"version-history":[{"count":3,"href":"https:\/\/blogs.hoy.es\/moterosdehoy\/wp-json\/wp\/v2\/posts\/2625\/revisions"}],"predecessor-version":[{"id":2629,"href":"https:\/\/blogs.hoy.es\/moterosdehoy\/wp-json\/wp\/v2\/posts\/2625\/revisions\/2629"}],"wp:attachment":[{"href":"https:\/\/blogs.hoy.es\/moterosdehoy\/wp-json\/wp\/v2\/media?parent=2625"}],"wp:term":[{"taxonomy":"category","embeddable":true,"href":"https:\/\/blogs.hoy.es\/moterosdehoy\/wp-json\/wp\/v2\/categories?post=2625"},{"taxonomy":"post_tag","embeddable":true,"href":"https:\/\/blogs.hoy.es\/moterosdehoy\/wp-json\/wp\/v2\/tags?post=2625"}],"curies":[{"name":"wp","href":"https:\/\/api.w.org\/{rel}","templated":true}]}}