{"id":2687,"date":"2019-02-05T16:16:54","date_gmt":"2019-02-05T16:16:54","guid":{"rendered":"http:\/\/blogs.hoy.es\/moterosdehoy\/?p=2687"},"modified":"2021-08-30T16:38:53","modified_gmt":"2021-08-30T16:38:53","slug":"ruta-de-vespas-y-motos-clasicas-en-la-parra","status":"publish","type":"post","link":"https:\/\/blogs.hoy.es\/moterosdehoy\/2019\/02\/05\/ruta-de-vespas-y-motos-clasicas-en-la-parra\/","title":{"rendered":"Ruta de Vespas y Motos Cl\u00e1sicas en La Parra"},"content":{"rendered":"<p>En\u00a01946 y de la mano de <a href=\"https:\/\/www.piaggio.com\/es_ES\/\" rel=\"external nofollow\">Piaggio<\/a>, surgi\u00f3 la conocida l\u00ednea de las motocicletas con la denominaci\u00f3n <a href=\"https:\/\/www.vespa.com\/es_ES.html\" rel=\"external nofollow\">Vespa<\/a>, tuvo su inicio en Pontedera (Italia).<\/p>\n<p>Desde entonces como todo ha tenido sus amantes y sus detractores, pero en s\u00ed es un modelo m\u00edtico y tiene Clubes adictos a su marca por infinidad de pa\u00edses. En Espa\u00f1a hay muchos, comenzaron por autonom\u00edas o provincias, y ya los hay en numerosas localidades.<\/p>\n<p><a href=\"https:\/\/static-blogs.hoy.es\/wp-content\/uploads\/sites\/45\/2019\/02\/2019-2-La-Parra.jpg\"><img loading=\"lazy\" class=\"alignleft size-medium wp-image-2688\" src=\"https:\/\/static-blogs.hoy.es\/wp-content\/uploads\/sites\/45\/2019\/02\/2019-2-La-Parra-235x300.jpg\" alt=\"2019-2-la-parra\" width=\"235\" height=\"300\" srcset=\"https:\/\/static-blogs.hoy.es\/wp-content\/uploads\/sites\/45\/2019\/02\/2019-2-La-Parra-235x300.jpg 235w, https:\/\/static-blogs.hoy.es\/wp-content\/uploads\/sites\/45\/2019\/02\/2019-2-La-Parra-768x981.jpg 768w, https:\/\/static-blogs.hoy.es\/wp-content\/uploads\/sites\/45\/2019\/02\/2019-2-La-Parra-801x1024.jpg 801w, https:\/\/static-blogs.hoy.es\/wp-content\/uploads\/sites\/45\/2019\/02\/2019-2-La-Parra.jpg 850w\" sizes=\"(max-width: 235px) 100vw, 235px\" \/><\/a>Para el domingo d\u00eda 10 de febrero, uno de esos clubes, nos ha organizado un evento motero bajo el t\u00edtulo de &#8220;Ruta de Vespas y Motos Cl\u00e1sicas&#8221;.<\/p>\n<p>De 10 a 11h, ser\u00e1 el encuentro e inscripciones en la localidad de <a href=\"https:\/\/es.wikipedia.org\/wiki\/La_Parra_(Badajoz)\" rel=\"external nofollow\">La Parra<\/a>, Badajoz.<\/p>\n<p>A las 11h, ruta a Salvatierra, Fer\u00eda (con parada para refrigerio), y regreso a La Parra. Donde estar\u00e1 esperando una degustaci\u00f3n de productos de la matanza y una rica garbanzada.<\/p>\n<p>Seguro que el evento atraer\u00e1 a muchos amantes &#8220;Vesperos&#8221; y de &#8220;Motos Cl\u00e1sicas&#8221;, as\u00ed que, ya vayas en una de ellas o simplemente deseas encontrarte con muchas joyas y abuelas mecanizadas, ya tienes el domingo organizado.<\/p>\n<p>Por curiosidad comentar\u00e9 que cuando inici\u00f3 fue bajo la denominaci\u00f3n\u00a0MP6, con 98 cc., 3,2 CV de potencia, consiguiendo una velocidad m\u00e1xima de 60 km\/h. Estuvo s\u00f3lo dos a\u00f1os en producci\u00f3n, para subir a 125cc all\u00e1 por el 1948, y en 1953\u00a0consigui\u00f3 alcanzar los\u00a05 CV de potencia, y\u00a0 los 75 km\/h de punta. En el 55 aparece el motor 150cc, y consigue alcanzar los 100 km\/h.<\/p>\n<p>Desde entonces no ha parado de innovarse, subir de cilindrada, volver a bajar, apareci\u00f3 el modelo h\u00edbrido, aparecieron en formato ciclomotor con 50cc, se le puso inyecci\u00f3n electr\u00f3nica, y a d\u00eda de hoy se contin\u00faa vendiendo &#8220;nueva&#8221;. Pocas marcas tienen tanta historia.<\/p>\n<p>Para ver <a href=\"http:\/\/www.moterosdehoy.es\/2019\/02\/01\/concentraciones-y-kdds-febrero-2019\/\" rel=\"external nofollow\">otros eventos del mes clic aqu\u00ed<\/a>.<\/p>\n<p>Saludos y r\u00e1fagas.<\/p>\n<p>&nbsp;<\/p>\n<!-- AddThis Advanced Settings generic via filter on the_content --><!-- AddThis Share Buttons generic via filter on the_content -->","protected":false},"excerpt":{"rendered":"<p>En\u00a01946 y de la mano de Piaggio, surgi\u00f3 la conocida l\u00ednea de las motocicletas con la denominaci\u00f3n Vespa, tuvo su inicio en Pontedera (Italia). Desde entonces como todo ha tenido sus amantes y sus detractores, pero en s\u00ed es un modelo m\u00edtico y tiene Clubes adictos a su marca por infinidad de pa\u00edses. En Espa\u00f1a [&hellip;]<!-- AddThis Advanced Settings generic via filter on get_the_excerpt --><!-- AddThis Share Buttons generic via filter on get_the_excerpt --><\/p>\n","protected":false},"author":49,"featured_media":0,"comment_status":"open","ping_status":"closed","sticky":false,"template":"","format":"standard","meta":[],"categories":[13,1],"tags":[1284,622,626,677,1283,1282,1281],"_links":{"self":[{"href":"https:\/\/blogs.hoy.es\/moterosdehoy\/wp-json\/wp\/v2\/posts\/2687"}],"collection":[{"href":"https:\/\/blogs.hoy.es\/moterosdehoy\/wp-json\/wp\/v2\/posts"}],"about":[{"href":"https:\/\/blogs.hoy.es\/moterosdehoy\/wp-json\/wp\/v2\/types\/post"}],"author":[{"embeddable":true,"href":"https:\/\/blogs.hoy.es\/moterosdehoy\/wp-json\/wp\/v2\/users\/49"}],"replies":[{"embeddable":true,"href":"https:\/\/blogs.hoy.es\/moterosdehoy\/wp-json\/wp\/v2\/comments?post=2687"}],"version-history":[{"count":1,"href":"https:\/\/blogs.hoy.es\/moterosdehoy\/wp-json\/wp\/v2\/posts\/2687\/revisions"}],"predecessor-version":[{"id":2689,"href":"https:\/\/blogs.hoy.es\/moterosdehoy\/wp-json\/wp\/v2\/posts\/2687\/revisions\/2689"}],"wp:attachment":[{"href":"https:\/\/blogs.hoy.es\/moterosdehoy\/wp-json\/wp\/v2\/media?parent=2687"}],"wp:term":[{"taxonomy":"category","embeddable":true,"href":"https:\/\/blogs.hoy.es\/moterosdehoy\/wp-json\/wp\/v2\/categories?post=2687"},{"taxonomy":"post_tag","embeddable":true,"href":"https:\/\/blogs.hoy.es\/moterosdehoy\/wp-json\/wp\/v2\/tags?post=2687"}],"curies":[{"name":"wp","href":"https:\/\/api.w.org\/{rel}","templated":true}]}}