{"id":2690,"date":"2019-02-11T09:13:23","date_gmt":"2019-02-11T09:13:23","guid":{"rendered":"http:\/\/blogs.hoy.es\/moterosdehoy\/?p=2690"},"modified":"2021-08-30T16:38:43","modified_gmt":"2021-08-30T16:38:43","slug":"femotex-pide-vitaminas","status":"publish","type":"post","link":"https:\/\/blogs.hoy.es\/moterosdehoy\/2019\/02\/11\/femotex-pide-vitaminas\/","title":{"rendered":"FEMOTEX pide vitaminas"},"content":{"rendered":"<p>Moteros extreme\u00f1os de diversos puntos de la regi\u00f3n,\u00a0acudieron el d\u00eda 10 de febrero a una reuni\u00f3n\u00a0organizada por la Federaci\u00f3n de motoristas de Extremadura (<a href=\"https:\/\/femotex.webnode.es\/\" rel=\"external nofollow\">FEMOTEX<\/a>). Objetivo, que tome fuerzas.<\/p>\n<p><a href=\"https:\/\/static-blogs.hoy.es\/wp-content\/uploads\/sites\/45\/2019\/02\/IMG_4056_.jpg\"><img loading=\"lazy\" class=\"alignleft size-medium wp-image-2691\" src=\"https:\/\/static-blogs.hoy.es\/wp-content\/uploads\/sites\/45\/2019\/02\/IMG_4056_-300x232.jpg\" alt=\"img_4056_\" width=\"300\" height=\"232\" srcset=\"https:\/\/static-blogs.hoy.es\/wp-content\/uploads\/sites\/45\/2019\/02\/IMG_4056_-300x232.jpg 300w, https:\/\/static-blogs.hoy.es\/wp-content\/uploads\/sites\/45\/2019\/02\/IMG_4056_-768x595.jpg 768w, https:\/\/static-blogs.hoy.es\/wp-content\/uploads\/sites\/45\/2019\/02\/IMG_4056_-1024x793.jpg 1024w\" sizes=\"(max-width: 300px) 100vw, 300px\" \/><\/a>El proyecto FEMOTEX, inici\u00f3 en el 2014, cuando se configur\u00f3 su primera directiva, y ha tenido un largo proceso para conseguir lo que tiene a d\u00eda de hoy, estar legalmente establecida. Su actual directiva ha tenido que trabajar duro para llegar a lo que tienen hoy d\u00eda, y necesita apoyo para continuar el proyecto.<\/p>\n<p>Por ello, convocaron una reuni\u00f3n el 10 de febrero, inicialmente para\u00a0coger apoyos dentro de la directiva, pero en dicha reuni\u00f3n se ha dado un plazo hasta el <strong>17 de marzo 2019<\/strong>, d\u00eda en el que de nuevo habr\u00e1 un reuni\u00f3n en el complejo de <strong>Harley Davidson Extremadura<\/strong>, a las <strong>11:00 horas<\/strong>.<\/p>\n<p>La actual directiva, conformada por David, Danko y Fran, se comprometen a continuar con los que quieran entrar a tirar de las riendas como m\u00ednimo hasta que no necesiten ir de la mano de ellos,\u00a0algunos de ellos prefieren seguir pero no activamente.<\/p>\n<p>El objetivo principal de la federaci\u00f3n, es que los diferentes clubes motoristas de la regi\u00f3n se encuentren unidos, para ello se llevar\u00eda a cabo una convivencia anual, y antes de finalizar el a\u00f1o organizar un listado de fechas con los principales eventos moteros de la regi\u00f3n. Eso es lo que reclaman a d\u00eda de hoy.<\/p>\n<p>En caso de que tengas en mente que una federaci\u00f3n de motoristas debe ser otra cosa, ap\u00fantalo y pres\u00e9ntalo el d\u00eda 17 de marzo,\u00a0si eres m\u00e1s osado y tienes tiempo libre, pres\u00e9ntate con\u00a0tu proyecto y hazte o\u00edr.<\/p>\n<p>\u00a1Los moteros extreme\u00f1os te esperamos!<\/p>\n<p>Saludos y r\u00e1fagas.<\/p>\n<!-- AddThis Advanced Settings generic via filter on the_content --><!-- AddThis Share Buttons generic via filter on the_content -->","protected":false},"excerpt":{"rendered":"<p>Moteros extreme\u00f1os de diversos puntos de la regi\u00f3n,\u00a0acudieron el d\u00eda 10 de febrero a una reuni\u00f3n\u00a0organizada por la Federaci\u00f3n de motoristas de Extremadura (FEMOTEX). Objetivo, que tome fuerzas. El proyecto FEMOTEX, inici\u00f3 en el 2014, cuando se configur\u00f3 su primera directiva, y ha tenido un largo proceso para conseguir lo que tiene a d\u00eda de [&hellip;]<!-- AddThis Advanced Settings generic via filter on get_the_excerpt --><!-- AddThis Share Buttons generic via filter on get_the_excerpt --><\/p>\n","protected":false},"author":49,"featured_media":0,"comment_status":"open","ping_status":"closed","sticky":false,"template":"","format":"standard","meta":[],"categories":[13,1],"tags":[400,1286,622,626,1285],"_links":{"self":[{"href":"https:\/\/blogs.hoy.es\/moterosdehoy\/wp-json\/wp\/v2\/posts\/2690"}],"collection":[{"href":"https:\/\/blogs.hoy.es\/moterosdehoy\/wp-json\/wp\/v2\/posts"}],"about":[{"href":"https:\/\/blogs.hoy.es\/moterosdehoy\/wp-json\/wp\/v2\/types\/post"}],"author":[{"embeddable":true,"href":"https:\/\/blogs.hoy.es\/moterosdehoy\/wp-json\/wp\/v2\/users\/49"}],"replies":[{"embeddable":true,"href":"https:\/\/blogs.hoy.es\/moterosdehoy\/wp-json\/wp\/v2\/comments?post=2690"}],"version-history":[{"count":3,"href":"https:\/\/blogs.hoy.es\/moterosdehoy\/wp-json\/wp\/v2\/posts\/2690\/revisions"}],"predecessor-version":[{"id":2701,"href":"https:\/\/blogs.hoy.es\/moterosdehoy\/wp-json\/wp\/v2\/posts\/2690\/revisions\/2701"}],"wp:attachment":[{"href":"https:\/\/blogs.hoy.es\/moterosdehoy\/wp-json\/wp\/v2\/media?parent=2690"}],"wp:term":[{"taxonomy":"category","embeddable":true,"href":"https:\/\/blogs.hoy.es\/moterosdehoy\/wp-json\/wp\/v2\/categories?post=2690"},{"taxonomy":"post_tag","embeddable":true,"href":"https:\/\/blogs.hoy.es\/moterosdehoy\/wp-json\/wp\/v2\/tags?post=2690"}],"curies":[{"name":"wp","href":"https:\/\/api.w.org\/{rel}","templated":true}]}}