{"id":2698,"date":"2019-02-20T11:31:03","date_gmt":"2019-02-20T11:31:03","guid":{"rendered":"http:\/\/blogs.hoy.es\/moterosdehoy\/?p=2698"},"modified":"2021-08-30T16:38:14","modified_gmt":"2021-08-30T16:38:14","slug":"convivencia-motera-solidaria-en-montijo","status":"publish","type":"post","link":"https:\/\/blogs.hoy.es\/moterosdehoy\/2019\/02\/20\/convivencia-motera-solidaria-en-montijo\/","title":{"rendered":"Convivencia motera solidaria en Montijo"},"content":{"rendered":"<p>No paran de salir grupos nuevos y con ellos concentraciones, convivencias, quedadas&#8230; como prefieran llamarlo. As\u00ed hay eventos para todos los gustos y colores.<\/p>\n<p><a href=\"https:\/\/static-blogs.hoy.es\/wp-content\/uploads\/sites\/45\/2019\/02\/2019-02-Montijo.jpg\"><img loading=\"lazy\" class=\"alignleft size-medium wp-image-2699\" src=\"https:\/\/static-blogs.hoy.es\/wp-content\/uploads\/sites\/45\/2019\/02\/2019-02-Montijo-300x215.jpg\" alt=\"2019-02-montijo\" width=\"300\" height=\"215\" srcset=\"https:\/\/static-blogs.hoy.es\/wp-content\/uploads\/sites\/45\/2019\/02\/2019-02-Montijo-300x215.jpg 300w, https:\/\/static-blogs.hoy.es\/wp-content\/uploads\/sites\/45\/2019\/02\/2019-02-Montijo.jpg 640w\" sizes=\"(max-width: 300px) 100vw, 300px\" \/><\/a>Para el domingo 24 de febrero, el grupo &#8220;Moteros Extreme\u00f1os&#8221; nos ha organizado un evento, al que han llamado &#8220;Convivencia motera solidaria&#8221;.<\/p>\n<p>Tendr\u00e1 comienzo a las <strong>9 horas, en el Bar el Progreso, de <a href=\"https:\/\/es.wikipedia.org\/wiki\/Montijo_(Badajoz)\" rel=\"external nofollow\">Montijo<\/a> (Badajoz)<\/strong>, con desayuno y apertura de inscripciones (donativo 7\u20ac).<\/p>\n<p>A las 11, dar\u00e1 comienzo una ruta por la comarca, con paradas y picoteo. De Montijo se partir\u00e1 al Karting de Talavera, donde se realizar\u00e1 una parada, y se continuar\u00e1 a Badajoz, con otra parada en el Bar El Bocao, de Urbanizaci\u00f3n Guadiana, para regresar a Montijo, donde ser\u00e1 la comida sobre las 14 horas. Y para finalizar sobre las 17, se realizar\u00e1n sorteos.<\/p>\n<p>De seguro que ser\u00e1 un domingo para reencontrarse con viejos amigos y como no, hacer nuevas amistades.<\/p>\n<p>Saludos y r\u00e1fagas.<\/p>\n<!-- AddThis Advanced Settings generic via filter on the_content --><!-- AddThis Share Buttons generic via filter on the_content -->","protected":false},"excerpt":{"rendered":"<p>No paran de salir grupos nuevos y con ellos concentraciones, convivencias, quedadas&#8230; como prefieran llamarlo. As\u00ed hay eventos para todos los gustos y colores. Para el domingo 24 de febrero, el grupo &#8220;Moteros Extreme\u00f1os&#8221; nos ha organizado un evento, al que han llamado &#8220;Convivencia motera solidaria&#8221;. Tendr\u00e1 comienzo a las 9 horas, en el Bar [&hellip;]<!-- AddThis Advanced Settings generic via filter on get_the_excerpt --><!-- AddThis Share Buttons generic via filter on get_the_excerpt --><\/p>\n","protected":false},"author":49,"featured_media":0,"comment_status":"open","ping_status":"closed","sticky":false,"template":"","format":"standard","meta":[],"categories":[13,1],"tags":[1291,1292,309,1290,622,626],"_links":{"self":[{"href":"https:\/\/blogs.hoy.es\/moterosdehoy\/wp-json\/wp\/v2\/posts\/2698"}],"collection":[{"href":"https:\/\/blogs.hoy.es\/moterosdehoy\/wp-json\/wp\/v2\/posts"}],"about":[{"href":"https:\/\/blogs.hoy.es\/moterosdehoy\/wp-json\/wp\/v2\/types\/post"}],"author":[{"embeddable":true,"href":"https:\/\/blogs.hoy.es\/moterosdehoy\/wp-json\/wp\/v2\/users\/49"}],"replies":[{"embeddable":true,"href":"https:\/\/blogs.hoy.es\/moterosdehoy\/wp-json\/wp\/v2\/comments?post=2698"}],"version-history":[{"count":1,"href":"https:\/\/blogs.hoy.es\/moterosdehoy\/wp-json\/wp\/v2\/posts\/2698\/revisions"}],"predecessor-version":[{"id":2700,"href":"https:\/\/blogs.hoy.es\/moterosdehoy\/wp-json\/wp\/v2\/posts\/2698\/revisions\/2700"}],"wp:attachment":[{"href":"https:\/\/blogs.hoy.es\/moterosdehoy\/wp-json\/wp\/v2\/media?parent=2698"}],"wp:term":[{"taxonomy":"category","embeddable":true,"href":"https:\/\/blogs.hoy.es\/moterosdehoy\/wp-json\/wp\/v2\/categories?post=2698"},{"taxonomy":"post_tag","embeddable":true,"href":"https:\/\/blogs.hoy.es\/moterosdehoy\/wp-json\/wp\/v2\/tags?post=2698"}],"curies":[{"name":"wp","href":"https:\/\/api.w.org\/{rel}","templated":true}]}}