{"id":2704,"date":"2019-03-13T10:43:32","date_gmt":"2019-03-13T10:43:32","guid":{"rendered":"http:\/\/blogs.hoy.es\/moterosdehoy\/?p=2704"},"modified":"2021-08-30T16:38:03","modified_gmt":"2021-08-30T16:38:03","slug":"vii-aniversario-pub-refugio","status":"publish","type":"post","link":"https:\/\/blogs.hoy.es\/moterosdehoy\/2019\/03\/13\/vii-aniversario-pub-refugio\/","title":{"rendered":"VII Aniversario Pub Refugio"},"content":{"rendered":"<h3>Nuestro querido Pub motero de Badajoz, celebrar\u00e1 \u00e9ste fin de semana su s\u00e9ptimo aniversario.<\/h3>\n<p><a href=\"https:\/\/static-blogs.hoy.es\/wp-content\/uploads\/sites\/45\/2019\/03\/2019-03-Pub-Refugio.jpg\"><img loading=\"lazy\" class=\"alignleft size-medium wp-image-2705\" src=\"https:\/\/static-blogs.hoy.es\/wp-content\/uploads\/sites\/45\/2019\/03\/2019-03-Pub-Refugio-212x300.jpg\" alt=\"2019-03-pub-refugio\" width=\"212\" height=\"300\" srcset=\"https:\/\/static-blogs.hoy.es\/wp-content\/uploads\/sites\/45\/2019\/03\/2019-03-Pub-Refugio-212x300.jpg 212w, https:\/\/static-blogs.hoy.es\/wp-content\/uploads\/sites\/45\/2019\/03\/2019-03-Pub-Refugio.jpg 678w\" sizes=\"(max-width: 212px) 100vw, 212px\" \/><\/a>Si visitas \u00e9ste blog es porque te gustan las motos, las rutas, o estas pendiente de adquirir alguna alg\u00fan d\u00eda, pues \u00e9ste fin de semana tenemos fiesta en &#8220;el refu&#8221;, y que mejor que un\u00a0pub para hablar de motos, rutas&#8230; y si de paso est\u00e1 decorado con tem\u00e1tica motera mejor que mejor.<\/p>\n<p>Estefi nos ha preparado para \u00e9ste s\u00e1bado, <strong>16 de marzo<\/strong>, una buena fiesta cargada de buena m\u00fasica, sorteos, regalos, y como comenzar\u00e1 a las 14 horas algo de comida.<\/p>\n<p>Ya son siete a\u00f1os aguant\u00e1ndonos, y que mejor manera de agradec\u00e9rselo que pasando por all\u00ed, de ese modo le cargamos las pilas para que siga con fuerza.<\/p>\n<p>Para los que anden un poco perdidos, el <a href=\"https:\/\/www.facebook.com\/events\/2336633656625643\/\" rel=\"external nofollow\">Pub Refugio<\/a> se encuentra en la C\/. Rafael Lucenqui, n\u00ba 9, de <a href=\"https:\/\/es.wikipedia.org\/wiki\/Badajoz\" rel=\"external nofollow\">Badajoz<\/a>, y a unos treinta metros pasado el local se encuentran estacionamientos de moto, as\u00ed que no tienes excusa.<\/p>\n<p>No lo dudes y acude a pasar un buen rato, disfrutar de m\u00fasica rock, heavy, cerveza fr\u00eda, chupitos que arden, una anfitriona que nos cuida y una clientela de lo mejor.<\/p>\n<p>Nos vemos en &#8220;EL REFU&#8221;<\/p>\n<p>Saludos y r\u00e1fagas.<\/p>\n<!-- AddThis Advanced Settings generic via filter on the_content --><!-- AddThis Share Buttons generic via filter on the_content -->","protected":false},"excerpt":{"rendered":"<p>Nuestro querido Pub motero de Badajoz, celebrar\u00e1 \u00e9ste fin de semana su s\u00e9ptimo aniversario. Si visitas \u00e9ste blog es porque te gustan las motos, las rutas, o estas pendiente de adquirir alguna alg\u00fan d\u00eda, pues \u00e9ste fin de semana tenemos fiesta en &#8220;el refu&#8221;, y que mejor que un\u00a0pub para hablar de motos, rutas&#8230; y [&hellip;]<!-- AddThis Advanced Settings generic via filter on get_the_excerpt --><!-- AddThis Share Buttons generic via filter on get_the_excerpt --><\/p>\n","protected":false},"author":49,"featured_media":0,"comment_status":"open","ping_status":"closed","sticky":false,"template":"","format":"standard","meta":[],"categories":[13,1],"tags":[87,1296,1295,622,1294,1293],"_links":{"self":[{"href":"https:\/\/blogs.hoy.es\/moterosdehoy\/wp-json\/wp\/v2\/posts\/2704"}],"collection":[{"href":"https:\/\/blogs.hoy.es\/moterosdehoy\/wp-json\/wp\/v2\/posts"}],"about":[{"href":"https:\/\/blogs.hoy.es\/moterosdehoy\/wp-json\/wp\/v2\/types\/post"}],"author":[{"embeddable":true,"href":"https:\/\/blogs.hoy.es\/moterosdehoy\/wp-json\/wp\/v2\/users\/49"}],"replies":[{"embeddable":true,"href":"https:\/\/blogs.hoy.es\/moterosdehoy\/wp-json\/wp\/v2\/comments?post=2704"}],"version-history":[{"count":1,"href":"https:\/\/blogs.hoy.es\/moterosdehoy\/wp-json\/wp\/v2\/posts\/2704\/revisions"}],"predecessor-version":[{"id":2706,"href":"https:\/\/blogs.hoy.es\/moterosdehoy\/wp-json\/wp\/v2\/posts\/2704\/revisions\/2706"}],"wp:attachment":[{"href":"https:\/\/blogs.hoy.es\/moterosdehoy\/wp-json\/wp\/v2\/media?parent=2704"}],"wp:term":[{"taxonomy":"category","embeddable":true,"href":"https:\/\/blogs.hoy.es\/moterosdehoy\/wp-json\/wp\/v2\/categories?post=2704"},{"taxonomy":"post_tag","embeddable":true,"href":"https:\/\/blogs.hoy.es\/moterosdehoy\/wp-json\/wp\/v2\/tags?post=2704"}],"curies":[{"name":"wp","href":"https:\/\/api.w.org\/{rel}","templated":true}]}}