{"id":2707,"date":"2019-03-14T08:03:02","date_gmt":"2019-03-14T08:03:02","guid":{"rendered":"http:\/\/blogs.hoy.es\/moterosdehoy\/?p=2707"},"modified":"2021-08-30T16:37:53","modified_gmt":"2021-08-30T16:37:53","slug":"i-feria-del-automovil-y-la-motocicleta-en-zafra","status":"publish","type":"post","link":"https:\/\/blogs.hoy.es\/moterosdehoy\/2019\/03\/14\/i-feria-del-automovil-y-la-motocicleta-en-zafra\/","title":{"rendered":"I Feria del automovil y la motocicleta en Zafra"},"content":{"rendered":"<p>La localidad pacense de <a href=\"http:\/\/www.zafra.es\/\" rel=\"external nofollow\">Zafra<\/a>\u00a0es bien conocida por su feria del ganado, frecuentemente aprovechan sus instalaciones para diversas ferias, ahora nos toca a nosotros.<\/p>\n<p><a href=\"https:\/\/static-blogs.hoy.es\/wp-content\/uploads\/sites\/45\/2019\/03\/2019-03-Zafra.jpg\"><img loading=\"lazy\" class=\"alignleft size-medium wp-image-2708\" src=\"https:\/\/static-blogs.hoy.es\/wp-content\/uploads\/sites\/45\/2019\/03\/2019-03-Zafra-300x206.jpg\" alt=\"2019-03-zafra\" width=\"300\" height=\"206\" srcset=\"https:\/\/static-blogs.hoy.es\/wp-content\/uploads\/sites\/45\/2019\/03\/2019-03-Zafra-300x206.jpg 300w, https:\/\/static-blogs.hoy.es\/wp-content\/uploads\/sites\/45\/2019\/03\/2019-03-Zafra-768x527.jpg 768w, https:\/\/static-blogs.hoy.es\/wp-content\/uploads\/sites\/45\/2019\/03\/2019-03-Zafra-1024x703.jpg 1024w, https:\/\/static-blogs.hoy.es\/wp-content\/uploads\/sites\/45\/2019\/03\/2019-03-Zafra.jpg 1600w\" sizes=\"(max-width: 300px) 100vw, 300px\" \/><\/a>Hoy 14 de marzo, da el pistoletazo de salida con diversas actividades para tener hasta el domingo muchos atractivos para centrar las miradas de los amantes del motor sobre ella. Entre ellas, exhibiciones del motor y Guardia Civil, simulacros de bomberos, zona de ocio, rutas, y food-trucks.<\/p>\n<p>Desde el punto de vista de la motocicleta el club de motos &#8220;<a href=\"https:\/\/www.facebook.com\/groups\/2068901773433525\/\" rel=\"external nofollow\">Correcaminos<\/a>&#8221; de Zafra, tendr\u00e1 un stand dentro del recinto con informaci\u00f3n del club, merchandising correcaminos, guarda ropa, y venta de art\u00edculos de segunda mano.<\/p>\n<p><a href=\"https:\/\/static-blogs.hoy.es\/wp-content\/uploads\/sites\/45\/2019\/03\/2019-03-Feria-del-automovil-y-motocicleta-Zafra.jpg\"><img loading=\"lazy\" class=\"alignright size-medium wp-image-2709\" src=\"https:\/\/static-blogs.hoy.es\/wp-content\/uploads\/sites\/45\/2019\/03\/2019-03-Feria-del-automovil-y-motocicleta-Zafra-212x300.jpg\" alt=\"2019-03-feria-del-automovil-y-motocicleta-zafra\" width=\"212\" height=\"300\" srcset=\"https:\/\/static-blogs.hoy.es\/wp-content\/uploads\/sites\/45\/2019\/03\/2019-03-Feria-del-automovil-y-motocicleta-Zafra-212x300.jpg 212w, https:\/\/static-blogs.hoy.es\/wp-content\/uploads\/sites\/45\/2019\/03\/2019-03-Feria-del-automovil-y-motocicleta-Zafra.jpg 679w\" sizes=\"(max-width: 212px) 100vw, 212px\" \/><\/a>Realizaremos dos rutas de motocicletas. Una el s\u00e1bado y otra el domingo. Cada d\u00eda tendr\u00e1 una inscripci\u00f3n de 6\u20ac, 10\u20ac para los dos d\u00edas. En ella entra desayuno, ruta, parking en el recinto, cerveza y tapa de cada d\u00eda.<\/p>\n<p>La inscripci\u00f3n y desayuno (9 a.m.) ser\u00e1 en el pabell\u00f3n CAJALMENDRALEJO (antiguo pabell\u00f3n Banesto), dentro del propio <a href=\"https:\/\/www.extremadura.com\/agenda\/lugares\/recinto-ferial-de-zafra\" rel=\"external nofollow\">recinto ferial de Zafra<\/a>. Posteriormente, se realizar\u00e1 la salida de ruta (10 a.m.)<\/p>\n<p>Pero la feria no est\u00e1 solo destinada al mundo de la motocicleta, es del motor y por ello habr\u00e1 coches, muuuchos coches, os dejo una imagen en la que aparece todo el listado de actividades con sus horarios. En ella no faltar\u00e1n los veh\u00edculos el\u00e9ctricos, que en los cuatro d\u00edas de la feria de 16\u00a0a 20 horas habr\u00e1 disponible un circuito donde se podr\u00e1n probar, previa petici\u00f3n en sus stands.<\/p>\n<p>Tener en cuenta que la inauguraci\u00f3n ser\u00e1 hoy jueves a las 12 horas, y finalizar\u00e1 el domingo a las 21.<\/p>\n<p>No lo dudes, y acude a disfrutar de la primera feria del automovil en Zafra, hagamos que se haga grande y perdure.<\/p>\n<p>Saludos y r\u00e1fagas.<\/p>\n<!-- AddThis Advanced Settings generic via filter on the_content --><!-- AddThis Share Buttons generic via filter on the_content -->","protected":false},"excerpt":{"rendered":"<p>La localidad pacense de Zafra\u00a0es bien conocida por su feria del ganado, frecuentemente aprovechan sus instalaciones para diversas ferias, ahora nos toca a nosotros. Hoy 14 de marzo, da el pistoletazo de salida con diversas actividades para tener hasta el domingo muchos atractivos para centrar las miradas de los amantes del motor sobre ella. Entre [&hellip;]<!-- AddThis Advanced Settings generic via filter on get_the_excerpt --><!-- AddThis Share Buttons generic via filter on get_the_excerpt --><\/p>\n","protected":false},"author":49,"featured_media":0,"comment_status":"open","ping_status":"closed","sticky":false,"template":"","format":"standard","meta":[],"categories":[13,1],"tags":[382,1297,1299,622,1298],"_links":{"self":[{"href":"https:\/\/blogs.hoy.es\/moterosdehoy\/wp-json\/wp\/v2\/posts\/2707"}],"collection":[{"href":"https:\/\/blogs.hoy.es\/moterosdehoy\/wp-json\/wp\/v2\/posts"}],"about":[{"href":"https:\/\/blogs.hoy.es\/moterosdehoy\/wp-json\/wp\/v2\/types\/post"}],"author":[{"embeddable":true,"href":"https:\/\/blogs.hoy.es\/moterosdehoy\/wp-json\/wp\/v2\/users\/49"}],"replies":[{"embeddable":true,"href":"https:\/\/blogs.hoy.es\/moterosdehoy\/wp-json\/wp\/v2\/comments?post=2707"}],"version-history":[{"count":2,"href":"https:\/\/blogs.hoy.es\/moterosdehoy\/wp-json\/wp\/v2\/posts\/2707\/revisions"}],"predecessor-version":[{"id":2711,"href":"https:\/\/blogs.hoy.es\/moterosdehoy\/wp-json\/wp\/v2\/posts\/2707\/revisions\/2711"}],"wp:attachment":[{"href":"https:\/\/blogs.hoy.es\/moterosdehoy\/wp-json\/wp\/v2\/media?parent=2707"}],"wp:term":[{"taxonomy":"category","embeddable":true,"href":"https:\/\/blogs.hoy.es\/moterosdehoy\/wp-json\/wp\/v2\/categories?post=2707"},{"taxonomy":"post_tag","embeddable":true,"href":"https:\/\/blogs.hoy.es\/moterosdehoy\/wp-json\/wp\/v2\/tags?post=2707"}],"curies":[{"name":"wp","href":"https:\/\/api.w.org\/{rel}","templated":true}]}}