{"id":2712,"date":"2019-03-21T11:29:25","date_gmt":"2019-03-21T11:29:25","guid":{"rendered":"http:\/\/blogs.hoy.es\/moterosdehoy\/?p=2712"},"modified":"2021-08-30T16:37:40","modified_gmt":"2021-08-30T16:37:40","slug":"ruta-dominguera-con-barbacoa-por-badajoz","status":"publish","type":"post","link":"https:\/\/blogs.hoy.es\/moterosdehoy\/2019\/03\/21\/ruta-dominguera-con-barbacoa-por-badajoz\/","title":{"rendered":"Ruta dominguera con barbacoa por Badajoz"},"content":{"rendered":"<p>Tenemos una primavera que ha llegado con fuerza, y el campo en nuestra regi\u00f3n est\u00e1 digno de admirar. Que mejor forma de hacerlo que desde nuestra moto.<\/p>\n<p><a href=\"https:\/\/static-blogs.hoy.es\/wp-content\/uploads\/sites\/45\/2019\/03\/Ruta-Villarreal.jpg\"><img loading=\"lazy\" class=\"alignleft size-medium wp-image-2713\" src=\"https:\/\/static-blogs.hoy.es\/wp-content\/uploads\/sites\/45\/2019\/03\/Ruta-Villarreal-212x300.jpg\" alt=\"ruta-villarreal\" width=\"212\" height=\"300\" srcset=\"https:\/\/static-blogs.hoy.es\/wp-content\/uploads\/sites\/45\/2019\/03\/Ruta-Villarreal-212x300.jpg 212w, https:\/\/static-blogs.hoy.es\/wp-content\/uploads\/sites\/45\/2019\/03\/Ruta-Villarreal-768x1086.jpg 768w, https:\/\/static-blogs.hoy.es\/wp-content\/uploads\/sites\/45\/2019\/03\/Ruta-Villarreal-724x1024.jpg 724w\" sizes=\"(max-width: 212px) 100vw, 212px\" \/><\/a>Para el\u00a0domingo que tenemos a la vista no hay ning\u00fan evento programado, o al menos que sepa de \u00e9l, por ello y para mover un poco nuestras m\u00e1quinas, aqu\u00ed va\u00a0una peque\u00f1a ruta. Os paso programa de la misma:<\/p>\n<p>09:45 horas, punto de encuentro en el Bar El Puerto, sito en C\/. Juan Labrado, 23, Badajoz (barriada de San Roque)<\/p>\n<p>10:30h, salida de ruta. Alvarado, La Albuera, Valverde de Legan\u00e9s, T\u00e1liga, Santo Domingo de Guzm\u00e1n, Olivenza, Villarreal, ah\u00ed picoteo en el Bar Luis. La ruta tiene 100 kil\u00f3metros, por lo que acudir con el dep\u00f3sito lleno y dar\u00e1 para realizarla sin problemas. Al llegar a Villarreal dependiendo de la hora que sea se pasar\u00e1 por el embarcadero para realizar algunas fotos.<\/p>\n<p>Sobre 12:30h picoteo en Bar Luis, de Villarreal.<\/p>\n<p>13:30h, salida de ruta de regreso a Badajoz, con parada en Mes\u00f3n Bar El Paterita, donde de nuevo se picar\u00e1 algo. La ruta es de 36 kil\u00f3metros, lo que nos har\u00e1 llegar sobre las 14h, al paterita.<\/p>\n<p>Las consumiciones que realice cada cual correr\u00e1n a sus respectivos cargos.<\/p>\n<p>No hay ning\u00fan tipo de inscripci\u00f3n. Se indican los horarios, y trayecto de la ruta, por si hay quien prefiera unirse a lo largo de ella en cualquier punto, al igual estar\u00e1 abierta para el que\u00a0quiera\u00a0marchar cuando quiera.<\/p>\n<p>\u00bfTe apetece dar una vuelta con amigos el domingo en moto? ya tienes una ruta.<\/p>\n<p>Saludos y r\u00e1fagas.<\/p>\n<!-- AddThis Advanced Settings generic via filter on the_content --><!-- AddThis Share Buttons generic via filter on the_content -->","protected":false},"excerpt":{"rendered":"<p>Tenemos una primavera que ha llegado con fuerza, y el campo en nuestra regi\u00f3n est\u00e1 digno de admirar. Que mejor forma de hacerlo que desde nuestra moto. Para el\u00a0domingo que tenemos a la vista no hay ning\u00fan evento programado, o al menos que sepa de \u00e9l, por ello y para mover un poco nuestras m\u00e1quinas, [&hellip;]<!-- AddThis Advanced Settings generic via filter on get_the_excerpt --><!-- AddThis Share Buttons generic via filter on get_the_excerpt --><\/p>\n","protected":false},"author":49,"featured_media":0,"comment_status":"open","ping_status":"closed","sticky":false,"template":"","format":"standard","meta":[],"categories":[13,1],"tags":[1147,382,1300,618,622,664,847,1146],"_links":{"self":[{"href":"https:\/\/blogs.hoy.es\/moterosdehoy\/wp-json\/wp\/v2\/posts\/2712"}],"collection":[{"href":"https:\/\/blogs.hoy.es\/moterosdehoy\/wp-json\/wp\/v2\/posts"}],"about":[{"href":"https:\/\/blogs.hoy.es\/moterosdehoy\/wp-json\/wp\/v2\/types\/post"}],"author":[{"embeddable":true,"href":"https:\/\/blogs.hoy.es\/moterosdehoy\/wp-json\/wp\/v2\/users\/49"}],"replies":[{"embeddable":true,"href":"https:\/\/blogs.hoy.es\/moterosdehoy\/wp-json\/wp\/v2\/comments?post=2712"}],"version-history":[{"count":1,"href":"https:\/\/blogs.hoy.es\/moterosdehoy\/wp-json\/wp\/v2\/posts\/2712\/revisions"}],"predecessor-version":[{"id":2714,"href":"https:\/\/blogs.hoy.es\/moterosdehoy\/wp-json\/wp\/v2\/posts\/2712\/revisions\/2714"}],"wp:attachment":[{"href":"https:\/\/blogs.hoy.es\/moterosdehoy\/wp-json\/wp\/v2\/media?parent=2712"}],"wp:term":[{"taxonomy":"category","embeddable":true,"href":"https:\/\/blogs.hoy.es\/moterosdehoy\/wp-json\/wp\/v2\/categories?post=2712"},{"taxonomy":"post_tag","embeddable":true,"href":"https:\/\/blogs.hoy.es\/moterosdehoy\/wp-json\/wp\/v2\/tags?post=2712"}],"curies":[{"name":"wp","href":"https:\/\/api.w.org\/{rel}","templated":true}]}}