{"id":2734,"date":"2019-04-08T21:59:25","date_gmt":"2019-04-08T21:59:25","guid":{"rendered":"http:\/\/blogs.hoy.es\/moterosdehoy\/?p=2734"},"modified":"2021-08-30T16:36:44","modified_gmt":"2021-08-30T16:36:44","slug":"rodando-por-carlos","status":"publish","type":"post","link":"https:\/\/blogs.hoy.es\/moterosdehoy\/2019\/04\/08\/rodando-por-carlos\/","title":{"rendered":"Rodando por Carlos, en Badajoz"},"content":{"rendered":"<p>El d\u00eda 14 de abril tendremos en <a href=\"https:\/\/es.wikipedia.org\/wiki\/Badajoz\" rel=\"external nofollow\">Badajoz<\/a> un evento motero-solidario, bajo el nombre de &#8220;Rodando por Carlos&#8221;.<\/p>\n<p><a href=\"https:\/\/static-blogs.hoy.es\/wp-content\/uploads\/sites\/45\/2019\/04\/2019-04-Badajoz.jpg\"><img loading=\"lazy\" class=\"alignleft size-medium wp-image-2735\" src=\"https:\/\/static-blogs.hoy.es\/wp-content\/uploads\/sites\/45\/2019\/04\/2019-04-Badajoz-212x300.jpg\" alt=\"2019-04-badajoz\" width=\"212\" height=\"300\" srcset=\"https:\/\/static-blogs.hoy.es\/wp-content\/uploads\/sites\/45\/2019\/04\/2019-04-Badajoz-212x300.jpg 212w, https:\/\/static-blogs.hoy.es\/wp-content\/uploads\/sites\/45\/2019\/04\/2019-04-Badajoz.jpg 566w\" sizes=\"(max-width: 212px) 100vw, 212px\" \/><\/a>Carlos, es un ni\u00f1o de apenas tres a\u00f1os de edad, y que necesita de un trasplante de m\u00e9dula osea. Es muy dif\u00edcil encontrar un donante y por ello, se necesita la mayor probabilidad de donantes. Desde familia y entorno de Carlos, est\u00e1n haciendo todo lo posible, y para darle difusi\u00f3n tienen un lema &#8220;Vamos a por tu alma gemela, Carlos&#8221;.<\/p>\n<p>Desde\u00a0<a href=\"https:\/\/www.admo.es\/\" rel=\"external nofollow\">ADMO<\/a> (Asociaci\u00f3n para la Donaci\u00f3n de M\u00e9dula \u00d3sea de Extremadura), nos recuerdan que para poder ser donante es preciso estar entre el margen de los 18 y 40 a\u00f1os, y que para donar se inicia realizando una simple extracci\u00f3n sangu\u00ednea. En caso de encontrarse compatibilidad se le avisa para realizar la donaci\u00f3n. Antiguamente era una punci\u00f3n, seg\u00fan algunos dolorosa, ahora en el 95% de los casos, consiste en una especie de extracci\u00f3n de sangre, llamada af\u00e9resis, que implica estar tres horas en una camilla y alguna molestia. Qu\u00e9 es tener alguna molestia para darle a Carlos su mejor regalo de cumplea\u00f1os, en mayo cumplir\u00e1 4 a\u00f1os.<\/p>\n<p>En Badajoz, se ha organizado un evento motero-solidario para darle apoyo. Tendr\u00e1 lugar el d\u00eda 14 de abril en la zona del embarcadero de la margen derecha del r\u00edo Guadiana.<\/p>\n<p>El punto de encuentro ser\u00e1 a\u00a0partir de las 9:30 horas, en el caf\u00e9 bar Laguna Seca (ronda norte). Para iniciar una ruta a las 10:30 h, con llegada sobre las 11:30 h, a la zona del embarcadero de la margen derecha, all\u00ed habr\u00e1 m\u00fasica y animaciones. Con las 17 h, como fin de evento.<\/p>\n<p>El d\u00eda 13 de abril, habr\u00e1 otro <a href=\"https:\/\/blogs.hoy.es\/moterosdehoy\/2019\/04\/06\/ruta-motera-por-carlos\/\">evento motero-solidario por Carlos en Valencia del Ventoso<\/a>.<\/p>\n<p>\u00bfQuieres ser t\u00fa, quien le haga el mejor regalo de su vida? Carlos te espera.<\/p>\n<p>Saludos y r\u00e1fagas.<\/p>\n<!-- AddThis Advanced Settings generic via filter on the_content --><!-- AddThis Share Buttons generic via filter on the_content -->","protected":false},"excerpt":{"rendered":"<p>El d\u00eda 14 de abril tendremos en Badajoz un evento motero-solidario, bajo el nombre de &#8220;Rodando por Carlos&#8221;. Carlos, es un ni\u00f1o de apenas tres a\u00f1os de edad, y que necesita de un trasplante de m\u00e9dula osea. Es muy dif\u00edcil encontrar un donante y por ello, se necesita la mayor probabilidad de donantes. Desde familia [&hellip;]<!-- AddThis Advanced Settings generic via filter on get_the_excerpt --><!-- AddThis Share Buttons generic via filter on get_the_excerpt --><\/p>\n","protected":false},"author":49,"featured_media":0,"comment_status":"open","ping_status":"closed","sticky":false,"template":"","format":"standard","meta":[],"categories":[13,1],"tags":[1308,87,1306,382,622,636,1307],"_links":{"self":[{"href":"https:\/\/blogs.hoy.es\/moterosdehoy\/wp-json\/wp\/v2\/posts\/2734"}],"collection":[{"href":"https:\/\/blogs.hoy.es\/moterosdehoy\/wp-json\/wp\/v2\/posts"}],"about":[{"href":"https:\/\/blogs.hoy.es\/moterosdehoy\/wp-json\/wp\/v2\/types\/post"}],"author":[{"embeddable":true,"href":"https:\/\/blogs.hoy.es\/moterosdehoy\/wp-json\/wp\/v2\/users\/49"}],"replies":[{"embeddable":true,"href":"https:\/\/blogs.hoy.es\/moterosdehoy\/wp-json\/wp\/v2\/comments?post=2734"}],"version-history":[{"count":3,"href":"https:\/\/blogs.hoy.es\/moterosdehoy\/wp-json\/wp\/v2\/posts\/2734\/revisions"}],"predecessor-version":[{"id":2738,"href":"https:\/\/blogs.hoy.es\/moterosdehoy\/wp-json\/wp\/v2\/posts\/2734\/revisions\/2738"}],"wp:attachment":[{"href":"https:\/\/blogs.hoy.es\/moterosdehoy\/wp-json\/wp\/v2\/media?parent=2734"}],"wp:term":[{"taxonomy":"category","embeddable":true,"href":"https:\/\/blogs.hoy.es\/moterosdehoy\/wp-json\/wp\/v2\/categories?post=2734"},{"taxonomy":"post_tag","embeddable":true,"href":"https:\/\/blogs.hoy.es\/moterosdehoy\/wp-json\/wp\/v2\/tags?post=2734"}],"curies":[{"name":"wp","href":"https:\/\/api.w.org\/{rel}","templated":true}]}}