{"id":2747,"date":"2019-05-01T09:08:11","date_gmt":"2019-05-01T09:08:11","guid":{"rendered":"http:\/\/blogs.hoy.es\/moterosdehoy\/?p=2747"},"modified":"2021-08-30T16:36:10","modified_gmt":"2021-08-30T16:36:10","slug":"jerez-2019-gran-premio-de-espana-de-motociclismo","status":"publish","type":"post","link":"https:\/\/blogs.hoy.es\/moterosdehoy\/2019\/05\/01\/jerez-2019-gran-premio-de-espana-de-motociclismo\/","title":{"rendered":"Jerez 2019 Gran Premio de Espa\u00f1a de Motociclismo"},"content":{"rendered":"<p>Se palpa en el ambiente, los moteros est\u00e1n alborotados. Se ven m\u00e1s motos de lo habitual por calles y carreteras. \u00bfQu\u00e9 est\u00e1 pasando? tranquilo no regalan las motos, se aproxima Jerez. Una de las mayores congregaciones de motos a nivel europea.<\/p>\n<p><a href=\"https:\/\/static-blogs.hoy.es\/wp-content\/uploads\/sites\/45\/2019\/05\/Jerez-Moteros-de-Hoy.jpg\"><img loading=\"lazy\" class=\"alignleft size-medium wp-image-2748\" src=\"https:\/\/static-blogs.hoy.es\/wp-content\/uploads\/sites\/45\/2019\/05\/Jerez-Moteros-de-Hoy-240x300.jpg\" alt=\"jerez-moteros-de-hoy\" width=\"240\" height=\"300\" srcset=\"https:\/\/static-blogs.hoy.es\/wp-content\/uploads\/sites\/45\/2019\/05\/Jerez-Moteros-de-Hoy-240x300.jpg 240w, https:\/\/static-blogs.hoy.es\/wp-content\/uploads\/sites\/45\/2019\/05\/Jerez-Moteros-de-Hoy.jpg 385w\" sizes=\"(max-width: 240px) 100vw, 240px\" \/><\/a>El fin de semana del 3 al 5 de Mayo, tenemos en el Circuito de Jerez &#8211; \u00c1ngel Nieto, la cuarta cita del Campeonato del Mundo de MotoGP, el &#8220;Gran Premio de Espa\u00f1a&#8221;. All\u00ed\u00a0estar\u00e1n las categor\u00edas MotoGP,\u00a0Moto2 y Moto3, acompa\u00f1adas por la Red Bull Rookies Cup.<\/p>\n<p>En la cita anterior, el GP de las Am\u00e9ricas, que tuvo lugar en Austin (EEUU),\u00a0\u00c1lex Rins se impuso ante Valentino Rossi\u00a0en MotoGP ,\u00a0Thomas Luthi venci\u00f3 a Marcel Schrotter\u00a0en Moto2, y\u00a0Ar\u00f3n Canet bati\u00f3 a Jaume Masi\u00e1\u00a0en Moto3.<\/p>\n<p>Si est\u00e1s animado a entrar a ver las carreras decirte que los precios en taquilla oscilan entre los 60\u20ac de Pelousse, y los 150\u20ac de Tribuna A10.<\/p>\n<p>Est\u00e1 claro que no todos los que se aventuran a pasar el fin de semana por los aleda\u00f1os de Jerez, entran al circuito, pero eso permite un gran ambiente motero que inunda muchas localidades pr\u00f3ximas de motos. Adem\u00e1s, son muchas las actividades dirigidas a moteros durante el fin de semana. Como la <strong>III Exposici\u00f3n de Motos Cl\u00e1sicas\u00a0<\/strong>de Los Claustros que\u00a0abri\u00f3\u00a0sus puertas el lunes 29 de abril hasta el domingo 5 de mayo, un evento que el a\u00f1o pasado recibi\u00f3 m\u00e1s de 5.000 visitantes.<\/p>\n<p>El jueves 2 de mayo, a las 18.30 horas, iniciar\u00e1 la\u00a0<strong>Gran Caravana Motera<\/strong>, desde el Circuito de Jerez-\u00c1ngel Nieto hasta las inmediaciones del Parque Gonz\u00e1lez Hontoria, en la avenida Alcalde \u00c1lvaro Domecq. En la zona de llegada Red Bull ofrecer\u00e1 una actuaci\u00f3n musical a cargo de<strong>\u00a0DJ&#8217;s.<\/strong>\u00a0Y se instalar\u00e1 un\u00a0<strong>mercadillo motero\u00a0<\/strong>que permanecer\u00e1 hasta el Gran Premio.<\/p>\n<p>3 de mayo,\u00a0estar\u00e1 el\u00a0Show Red Bull Batalla de los Gallos, a partir de las 18 horas, en la avenida Alcalde \u00c1lvaro Domecq con Djs y artistas nacionales, tambi\u00e9n hasta las 12 horas de la noche.<\/p>\n<p>4 de mayo, Red Bull ofrece el\u00a0Show Stunt Riding &#8211; La Jaula\u00a0con Aaron Colton y Horacio Llorens, con m\u00fasica de DJ&#8217;s y artistas nacionales hasta las 12 horas de la noche.<\/p>\n<p>Adem\u00e1s son numerosos los motoclubes de la zona que tendr\u00e1n jornadas de puertas abiertas, con bienvenidas, m\u00fasica, fiesta&#8230; cabe destacar que el s\u00e1bado\u00a0el <a href=\"https:\/\/www.facebook.com\/pages\/Moto-Club-Cherokee-Jerez\/161438320625696\" rel=\"external nofollow\">Moto Club Cherokee Jerez<\/a>, sito en la Calle Algaida n\u00ba9, de Jerez De La Frontera, ofrece los\u00a0conciertos de King Company (Finlandia) y Knights of Blood (Granada)\u00a0a partir de las 21.30 horas.<\/p>\n<p>An\u00edmate a pasar un fin de semana motero, acude a Jerez 2019.<\/p>\n<p>Saludos y r\u00e1fagas.<\/p>\n<!-- AddThis Advanced Settings generic via filter on the_content --><!-- AddThis Share Buttons generic via filter on the_content -->","protected":false},"excerpt":{"rendered":"<p>Se palpa en el ambiente, los moteros est\u00e1n alborotados. Se ven m\u00e1s motos de lo habitual por calles y carreteras. \u00bfQu\u00e9 est\u00e1 pasando? tranquilo no regalan las motos, se aproxima Jerez. Una de las mayores congregaciones de motos a nivel europea. El fin de semana del 3 al 5 de Mayo, tenemos en el Circuito [&hellip;]<!-- AddThis Advanced Settings generic via filter on get_the_excerpt --><!-- AddThis Share Buttons generic via filter on get_the_excerpt --><\/p>\n","protected":false},"author":49,"featured_media":0,"comment_status":"open","ping_status":"closed","sticky":false,"template":"","format":"standard","meta":[],"categories":[13,1],"tags":[1312,435,1311,622],"_links":{"self":[{"href":"https:\/\/blogs.hoy.es\/moterosdehoy\/wp-json\/wp\/v2\/posts\/2747"}],"collection":[{"href":"https:\/\/blogs.hoy.es\/moterosdehoy\/wp-json\/wp\/v2\/posts"}],"about":[{"href":"https:\/\/blogs.hoy.es\/moterosdehoy\/wp-json\/wp\/v2\/types\/post"}],"author":[{"embeddable":true,"href":"https:\/\/blogs.hoy.es\/moterosdehoy\/wp-json\/wp\/v2\/users\/49"}],"replies":[{"embeddable":true,"href":"https:\/\/blogs.hoy.es\/moterosdehoy\/wp-json\/wp\/v2\/comments?post=2747"}],"version-history":[{"count":1,"href":"https:\/\/blogs.hoy.es\/moterosdehoy\/wp-json\/wp\/v2\/posts\/2747\/revisions"}],"predecessor-version":[{"id":2749,"href":"https:\/\/blogs.hoy.es\/moterosdehoy\/wp-json\/wp\/v2\/posts\/2747\/revisions\/2749"}],"wp:attachment":[{"href":"https:\/\/blogs.hoy.es\/moterosdehoy\/wp-json\/wp\/v2\/media?parent=2747"}],"wp:term":[{"taxonomy":"category","embeddable":true,"href":"https:\/\/blogs.hoy.es\/moterosdehoy\/wp-json\/wp\/v2\/categories?post=2747"},{"taxonomy":"post_tag","embeddable":true,"href":"https:\/\/blogs.hoy.es\/moterosdehoy\/wp-json\/wp\/v2\/tags?post=2747"}],"curies":[{"name":"wp","href":"https:\/\/api.w.org\/{rel}","templated":true}]}}