{"id":2753,"date":"2019-05-17T09:12:28","date_gmt":"2019-05-17T09:12:28","guid":{"rendered":"http:\/\/blogs.hoy.es\/moterosdehoy\/?p=2753"},"modified":"2021-08-30T16:36:01","modified_gmt":"2021-08-30T16:36:01","slug":"vii-aniversario-moteros-de-hoy","status":"publish","type":"post","link":"https:\/\/blogs.hoy.es\/moterosdehoy\/2019\/05\/17\/vii-aniversario-moteros-de-hoy\/","title":{"rendered":"VII Aniversario Moteros de Hoy"},"content":{"rendered":"<p>Tenemos a la vista los siete a\u00f1os facilitando informaci\u00f3n. El 25 de mayo de 2012, escrib\u00ed la primera entrada, que comenzaba as\u00ed:\u00a0<em>Bienvenidos al blog de \u201c<strong><a title=\"Enlace al blog\" href=\"https:\/\/blogs.hoy.es\/moterosdehoy\/\" target=\"_blank\">Moteros de HOY<\/a><\/strong>\u201d, mi nombre es\u00a0Antonio M\u00e1rquez, Tony o PicaDura para amigos y moteros<\/em>\u2026<\/p>\n<p><a href=\"https:\/\/static-blogs.hoy.es\/wp-content\/uploads\/sites\/45\/2019\/05\/VII-aniversario-MDH.jpg\"><img loading=\"lazy\" class=\"alignleft size-medium wp-image-2754\" src=\"https:\/\/static-blogs.hoy.es\/wp-content\/uploads\/sites\/45\/2019\/05\/VII-aniversario-MDH-214x300.jpg\" alt=\"vii-aniversario-mdh\" width=\"214\" height=\"300\" srcset=\"https:\/\/static-blogs.hoy.es\/wp-content\/uploads\/sites\/45\/2019\/05\/VII-aniversario-MDH-214x300.jpg 214w, https:\/\/static-blogs.hoy.es\/wp-content\/uploads\/sites\/45\/2019\/05\/VII-aniversario-MDH-768x1078.jpg 768w, https:\/\/static-blogs.hoy.es\/wp-content\/uploads\/sites\/45\/2019\/05\/VII-aniversario-MDH-729x1024.jpg 729w, https:\/\/static-blogs.hoy.es\/wp-content\/uploads\/sites\/45\/2019\/05\/VII-aniversario-MDH.jpg 1191w\" sizes=\"(max-width: 214px) 100vw, 214px\" \/><\/a>Al poco tiempo se fund\u00f3 como asociaci\u00f3n\u00a0<span id=\"more-2180\"><\/span>para ayudar y aportar nuestro granito de arena a la sociedad, contando con el apoyo de m\u00e1s moteros. Es una pena que a d\u00eda de hoy el ambiente motero est\u00e1 algo enrarecido en algunos lugares, caso de Badajoz, donde no paran rivalidades absurdas y parece que quien organiza algo es m\u00e1s guay, y hay que tratar de estropearlo. Mi punto de vista es &#8220;<strong>anda m\u00e1s en moto y tendr\u00e1s menos tiempo para criticar<\/strong>&#8220;.<\/p>\n<p>&#8220;Moteros de Hoy&#8221; a d\u00eda de hoy, tiene dos configuraciones, por un lado \u00e9ste blog que es el precursor de todo y doy las gracias al <a href=\"https:\/\/www.hoy.es\/\" rel=\"external nofollow\">Peri\u00f3dico HOY<\/a>. Por otro lado, la <a href=\"http:\/\/www.moterosdehoy.es\/\" rel=\"external nofollow\">Asociaci\u00f3n Moteros de Hoy<\/a>, que est\u00e1 configurada para que se pueda asociar cualquier persona que le gusten las motos o el mundo motero, y como Custom Club, que para \u00e9ste VII Aniversario ser\u00e1 el organizador, en el que nos veremos implicados todos los miembros\/socios.<\/p>\n<p>El\u00a0<strong>s\u00e1bado d\u00eda\u00a025 de mayo<\/strong>\u00a0celebraremos el s\u00e9ptimo aniversario. Ser\u00e1 un gran d\u00eda entre amigos, con desayuno, visita a nuestra ciudad &#8220;Badajoz&#8221;, comida y fiesta hasta que el cuerpo aguante.<\/p>\n<p>PROGRAMA DEL ANIVERSARIO:<\/p>\n<p>Desde las 09:15 horas desayuno en Bar El Puerto, sito en C\/ Juan Labrado, San Roque, Badajoz. Junto a \u00e9l tenemos la cafeter\u00eda Gran V\u00eda, y el restaurante Entre encinas, ambos en la Av. Ricardo Carapeto, por si somos demasiados para que nos pueda atender el Bar El Puerto.<\/p>\n<p>10:00 h, ruta direcci\u00f3n Plaza Alta de Badajoz, la ruta ser\u00e1 por ciudad por lo que puede intervenir en ella cualquier tipo de moto o ciclomotor.<\/p>\n<p>10:30\u00a0h,\u00a0inicio de visita al entorno de la Plaza Alta. Casas mud\u00e9jares, Alcazaba, Mus\u00e9o arqueol\u00f3gico, Parque de la galera, y galer\u00eda de fusileros, entre otros.<\/p>\n<p>14:00 h,\u00a0saldremos de la Plaza Alta, para ir a Urbanizaci\u00f3n Guadiana, lugar donde se realizar\u00e1 la comida.<\/p>\n<p>14:30 h, comida, en restaurante &#8220;El Bocao&#8221;, precio de la comida 20\u20ac. hay plazas limitadas, por lo que qui\u00e9n est\u00e9 interesado en no quedarse sin sitio debe reservar al telf. 670 878 412.<\/p>\n<p>18:15 h, fiesta en &#8220;<a href=\"https:\/\/es-es.facebook.com\/pages\/category\/Pub\/El-Refugio-Badajoz-115234743346\/\" rel=\"external nofollow\">Pub El Refugio<\/a>&#8220;, en C\/. Rafael Lucenqui, donde habr\u00e1 una colaboraci\u00f3n musical de &#8220;ELEP\u00c9&#8221;, y para finalizar sorteos y regalos.<\/p>\n<p>&nbsp;<\/p>\n<p>NO HAY INSCRIPCIONES, por lo que cada cual abonar\u00e1 el desayuno, o consumiciones que realice. Los veinte euros de la comida, se abonar\u00e1n al entrar a la comida, y con ella te entregamos un ticket para los sorteos posteriores.<\/p>\n<p>En definitiva ser\u00e1 un buen d\u00eda para estar entre amigos, mini ruta por ciudad, fiesta, m\u00fasica\u2026 y todo ello acompa\u00f1ado de buen tiempo, no lo dudes y acude a pasar un buen rato.<\/p>\n<p>Os recuerdo que pod\u00e9is seguir a \u00e9ste blog por las redes sociales <a href=\"https:\/\/twitter.com\/MoterosdeHoy\" rel=\"external nofollow\">Twitter<\/a>, <a href=\"https:\/\/www.facebook.com\/moteroshoy\/\" rel=\"external nofollow\">Facebook<\/a>, <a href=\"https:\/\/www.facebook.com\/Custom-Club-Moteros-de-Hoy-1621076571530021\/?ref=settings\" rel=\"external nofollow\">Facebook MDH<\/a>,\u00a0<a href=\"https:\/\/www.youtube.com\/channel\/UCxyRHMjmTdc9z1XEWpcWS9Q\" rel=\"external nofollow\">YouTube<\/a>. En ellos os pod\u00e9is suscribir y recibir las novedades, y que actualmente tenemos la SEDE en la C\/. Antonio Cuellar Gragera, n\u00ba 15, dentro del Centro C\u00edvico de Pardaleras, donde nos encontramos los viernes por las tardes sobre las 20 horas.<\/p>\n<p>Aprovecho para dar las gracias a todos los seguidores del blog, sin vosotros no seguir\u00eda escribiendo. Tambi\u00e9n aprovecho para dar las gracias a &#8220;<a href=\"https:\/\/www.tumotoweb.com\/\" rel=\"external nofollow\">Tu Moto Web<\/a>&#8221; y &#8220;<a href=\"https:\/\/masmoto.es\/\" rel=\"external nofollow\">Masmoto<\/a>&#8220;, buenas webs moteras y que nos apoyan gratamente.<\/p>\n<p>Saludos y r\u00e1fagas.<\/p>\n<!-- AddThis Advanced Settings generic via filter on the_content --><!-- AddThis Share Buttons generic via filter on the_content -->","protected":false},"excerpt":{"rendered":"<p>Tenemos a la vista los siete a\u00f1os facilitando informaci\u00f3n. El 25 de mayo de 2012, escrib\u00ed la primera entrada, que comenzaba as\u00ed:\u00a0Bienvenidos al blog de \u201cMoteros de HOY\u201d, mi nombre es\u00a0Antonio M\u00e1rquez, Tony o PicaDura para amigos y moteros\u2026 Al poco tiempo se fund\u00f3 como asociaci\u00f3n\u00a0para ayudar y aportar nuestro granito de arena a la [&hellip;]<!-- AddThis Advanced Settings generic via filter on get_the_excerpt --><!-- AddThis Share Buttons generic via filter on get_the_excerpt --><\/p>\n","protected":false},"author":49,"featured_media":0,"comment_status":"open","ping_status":"closed","sticky":false,"template":"","format":"standard","meta":[],"categories":[13,1],"tags":[87,1314,328,382,1171,618,622,664,1313],"_links":{"self":[{"href":"https:\/\/blogs.hoy.es\/moterosdehoy\/wp-json\/wp\/v2\/posts\/2753"}],"collection":[{"href":"https:\/\/blogs.hoy.es\/moterosdehoy\/wp-json\/wp\/v2\/posts"}],"about":[{"href":"https:\/\/blogs.hoy.es\/moterosdehoy\/wp-json\/wp\/v2\/types\/post"}],"author":[{"embeddable":true,"href":"https:\/\/blogs.hoy.es\/moterosdehoy\/wp-json\/wp\/v2\/users\/49"}],"replies":[{"embeddable":true,"href":"https:\/\/blogs.hoy.es\/moterosdehoy\/wp-json\/wp\/v2\/comments?post=2753"}],"version-history":[{"count":1,"href":"https:\/\/blogs.hoy.es\/moterosdehoy\/wp-json\/wp\/v2\/posts\/2753\/revisions"}],"predecessor-version":[{"id":2755,"href":"https:\/\/blogs.hoy.es\/moterosdehoy\/wp-json\/wp\/v2\/posts\/2753\/revisions\/2755"}],"wp:attachment":[{"href":"https:\/\/blogs.hoy.es\/moterosdehoy\/wp-json\/wp\/v2\/media?parent=2753"}],"wp:term":[{"taxonomy":"category","embeddable":true,"href":"https:\/\/blogs.hoy.es\/moterosdehoy\/wp-json\/wp\/v2\/categories?post=2753"},{"taxonomy":"post_tag","embeddable":true,"href":"https:\/\/blogs.hoy.es\/moterosdehoy\/wp-json\/wp\/v2\/tags?post=2753"}],"curies":[{"name":"wp","href":"https:\/\/api.w.org\/{rel}","templated":true}]}}