{"id":2773,"date":"2019-06-12T15:53:31","date_gmt":"2019-06-12T15:53:31","guid":{"rendered":"http:\/\/blogs.hoy.es\/moterosdehoy\/?p=2773"},"modified":"2021-08-30T16:34:50","modified_gmt":"2021-08-30T16:34:50","slug":"concentracion-europea-del-hog-en-cascais-portugal","status":"publish","type":"post","link":"https:\/\/blogs.hoy.es\/moterosdehoy\/2019\/06\/12\/concentracion-europea-del-hog-en-cascais-portugal\/","title":{"rendered":"Concentraci\u00f3n europea del HOG en Cascais, Portugal"},"content":{"rendered":"<p>Del 13 al 16 de junio, tenemos en Cascais (Portugal), la 28\u00aa Concentraci\u00f3n europea del H.O.G. (Harley Owners Group), club oficial de propietarios de Harley-Davidson.<\/p>\n<p><a href=\"https:\/\/static-blogs.hoy.es\/wp-content\/uploads\/sites\/45\/2019\/06\/Harley-Cascais.jpg\"><img loading=\"lazy\" class=\"alignleft size-medium wp-image-2774\" src=\"https:\/\/static-blogs.hoy.es\/wp-content\/uploads\/sites\/45\/2019\/06\/Harley-Cascais-300x118.jpg\" alt=\"harley-cascais\" width=\"300\" height=\"118\" srcset=\"https:\/\/static-blogs.hoy.es\/wp-content\/uploads\/sites\/45\/2019\/06\/Harley-Cascais-300x118.jpg 300w, https:\/\/static-blogs.hoy.es\/wp-content\/uploads\/sites\/45\/2019\/06\/Harley-Cascais-768x303.jpg 768w, https:\/\/static-blogs.hoy.es\/wp-content\/uploads\/sites\/45\/2019\/06\/Harley-Cascais-1024x404.jpg 1024w, https:\/\/static-blogs.hoy.es\/wp-content\/uploads\/sites\/45\/2019\/06\/Harley-Cascais.jpg 1166w\" sizes=\"(max-width: 300px) 100vw, 300px\" \/><\/a>Se trata de un evento abierto y gratuito, que cada a\u00f1o cuenta con miles entusiastas y amantes de Harley-Davidson principalmente a nivel europeo pero tambi\u00e9n desde otras partes del mundo, trat\u00e1ndose ya de una de las mayores\u00a0fiestas Harley-Davidson de la temporada.<\/p>\n<p>Cascais\u00a0es un enclave ideal para esta celebraci\u00f3n, por su agradable casco urbano repleto de establecimientos t\u00edpicos y con encanto, las vistas al oc\u00e9ano Atl\u00e1ntico y un clima favorable, lo que permitir\u00e1 de seguro disfrutar de unos d\u00edas de fiesta.<\/p>\n<p>Ya en el 2.012 tambi\u00e9n se realiz\u00f3 all\u00ed, congreg\u00e1ndose m\u00e1s de 12.000 motos. En \u00e9sta edici\u00f3n seguro que lo supera. Aunque si a\u00fan no has buscado lugar donde dormir, te queda llevar la tienda de campa\u00f1a y buscar alg\u00fan camping, los hoteles est\u00e1n a tope desde hace semanas, y lo que pueda quedar tiene precios de esc\u00e1ndalo, o est\u00e1 bastante alejado.<\/p>\n<p>\u00bfTe lo vas a perder?<\/p>\n<p>Saludos y r\u00e1fagas.<\/p>\n<!-- AddThis Advanced Settings generic via filter on the_content --><!-- AddThis Share Buttons generic via filter on the_content -->","protected":false},"excerpt":{"rendered":"<p>Del 13 al 16 de junio, tenemos en Cascais (Portugal), la 28\u00aa Concentraci\u00f3n europea del H.O.G. (Harley Owners Group), club oficial de propietarios de Harley-Davidson. Se trata de un evento abierto y gratuito, que cada a\u00f1o cuenta con miles entusiastas y amantes de Harley-Davidson principalmente a nivel europeo pero tambi\u00e9n desde otras partes del mundo, [&hellip;]<!-- AddThis Advanced Settings generic via filter on get_the_excerpt --><!-- AddThis Share Buttons generic via filter on get_the_excerpt --><\/p>\n","protected":false},"author":49,"featured_media":0,"comment_status":"open","ping_status":"closed","sticky":false,"template":"","format":"standard","meta":[],"categories":[13,1],"tags":[1324,1323,453,460,622,1235],"_links":{"self":[{"href":"https:\/\/blogs.hoy.es\/moterosdehoy\/wp-json\/wp\/v2\/posts\/2773"}],"collection":[{"href":"https:\/\/blogs.hoy.es\/moterosdehoy\/wp-json\/wp\/v2\/posts"}],"about":[{"href":"https:\/\/blogs.hoy.es\/moterosdehoy\/wp-json\/wp\/v2\/types\/post"}],"author":[{"embeddable":true,"href":"https:\/\/blogs.hoy.es\/moterosdehoy\/wp-json\/wp\/v2\/users\/49"}],"replies":[{"embeddable":true,"href":"https:\/\/blogs.hoy.es\/moterosdehoy\/wp-json\/wp\/v2\/comments?post=2773"}],"version-history":[{"count":1,"href":"https:\/\/blogs.hoy.es\/moterosdehoy\/wp-json\/wp\/v2\/posts\/2773\/revisions"}],"predecessor-version":[{"id":2775,"href":"https:\/\/blogs.hoy.es\/moterosdehoy\/wp-json\/wp\/v2\/posts\/2773\/revisions\/2775"}],"wp:attachment":[{"href":"https:\/\/blogs.hoy.es\/moterosdehoy\/wp-json\/wp\/v2\/media?parent=2773"}],"wp:term":[{"taxonomy":"category","embeddable":true,"href":"https:\/\/blogs.hoy.es\/moterosdehoy\/wp-json\/wp\/v2\/categories?post=2773"},{"taxonomy":"post_tag","embeddable":true,"href":"https:\/\/blogs.hoy.es\/moterosdehoy\/wp-json\/wp\/v2\/tags?post=2773"}],"curies":[{"name":"wp","href":"https:\/\/api.w.org\/{rel}","templated":true}]}}