{"id":2781,"date":"2019-06-13T22:49:29","date_gmt":"2019-06-13T22:49:29","guid":{"rendered":"http:\/\/blogs.hoy.es\/moterosdehoy\/?p=2781"},"modified":"2021-08-30T16:34:16","modified_gmt":"2021-08-30T16:34:16","slug":"manifestacion-nacional-de-motoristas-en-contra-de-los-guardarrailes-sin-proteccion","status":"publish","type":"post","link":"https:\/\/blogs.hoy.es\/moterosdehoy\/2019\/06\/13\/manifestacion-nacional-de-motoristas-en-contra-de-los-guardarrailes-sin-proteccion\/","title":{"rendered":"Manifestaci\u00f3n nacional de motoristas en contra de los guardarrailes sin protecci\u00f3n"},"content":{"rendered":"<h2>El colectivo motero lleva a\u00f1os reivindicando mejoras en nuestras carreteras, por ello, el 16 de junio tendr\u00e1 lugar una manifestaci\u00f3n Nacional por la Seguridad Vial de los motociclistas.<\/h2>\n<p><a href=\"https:\/\/static-blogs.hoy.es\/wp-content\/uploads\/sites\/45\/2019\/06\/2016-06-C\u00e1ceres.jpg\"><img loading=\"lazy\" class=\"alignleft size-medium wp-image-2782\" src=\"https:\/\/static-blogs.hoy.es\/wp-content\/uploads\/sites\/45\/2019\/06\/2016-06-C\u00e1ceres-232x300.jpg\" alt=\"2016-06-caceres\" width=\"232\" height=\"300\" srcset=\"https:\/\/static-blogs.hoy.es\/wp-content\/uploads\/sites\/45\/2019\/06\/2016-06-C\u00e1ceres-232x300.jpg 232w, https:\/\/static-blogs.hoy.es\/wp-content\/uploads\/sites\/45\/2019\/06\/2016-06-C\u00e1ceres.jpg 742w\" sizes=\"(max-width: 232px) 100vw, 232px\" \/><\/a>Se realizar\u00e1 al mismo tiempo en diversos puntos de la geograf\u00eda espa\u00f1ola, entre ellos Madrid, Barcelona, C\u00e1diz, Lanzarote, Murcia, Santiago de Compostela, San Sebasti\u00e1n, Toledo, Zaragoza, M\u00e1laga, y <strong>C\u00e1ceres<\/strong>.<\/p>\n<p>En un principio en Extremadura se iba a realizar en M\u00e9rida, luego por motivos de evitar coincidir con otros eventos deportivos se ha desplazado a C\u00e1ceres.<\/p>\n<p>El punto de encuentro en <strong>C\u00e1ceres<\/strong> ser\u00e1 a las <strong>12 horas en el parking del carrefour<\/strong>, junto al Mc Donal, para realizar una ruta en cuya finalizaci\u00f3n se realizar\u00e1 una lectura de un manifiesto.<\/p>\n<p>Llevamos un a\u00f1o tr\u00e1gico para los motociclistas, en muchos de\u00a0esos accidentes se han producido m\u00e1s lesiones por culpa de obst\u00e1culos fijos en los m\u00e1rgenes de la v\u00eda. Dentro de esos obst\u00e1culos fijos nos encontramos los famosos guardarrailes sin protecci\u00f3n. Ayer d\u00eda 13 perdi\u00f3 la vida &#8220;Bartolo&#8221; un buen motero de La Garrovilla (Badajoz), tuvo una salida de v\u00eda y choc\u00f3 con el poste de una se\u00f1al, de no haber estado all\u00ed esa se\u00f1al igual podr\u00eda acompa\u00f1arnos en la manifestaci\u00f3n.<\/p>\n<p>Ya est\u00e1 bien de obst\u00e1culos que nos impiden regresar a casa.<\/p>\n<p>Nos vemos en alg\u00fan punto de esas manifestaciones, o al menos en la carretera.<\/p>\n<p>Saludos y r\u00e1fagas.<\/p>\n<!-- AddThis Advanced Settings generic via filter on the_content --><!-- AddThis Share Buttons generic via filter on the_content -->","protected":false},"excerpt":{"rendered":"<p>El colectivo motero lleva a\u00f1os reivindicando mejoras en nuestras carreteras, por ello, el 16 de junio tendr\u00e1 lugar una manifestaci\u00f3n Nacional por la Seguridad Vial de los motociclistas. Se realizar\u00e1 al mismo tiempo en diversos puntos de la geograf\u00eda espa\u00f1ola, entre ellos Madrid, Barcelona, C\u00e1diz, Lanzarote, Murcia, Santiago de Compostela, San Sebasti\u00e1n, Toledo, Zaragoza, M\u00e1laga, [&hellip;]<!-- AddThis Advanced Settings generic via filter on get_the_excerpt --><!-- AddThis Share Buttons generic via filter on get_the_excerpt --><\/p>\n","protected":false},"author":49,"featured_media":0,"comment_status":"open","ping_status":"closed","sticky":false,"template":"","format":"standard","meta":[],"categories":[13,1],"tags":[126,1327,1326,622,1328],"_links":{"self":[{"href":"https:\/\/blogs.hoy.es\/moterosdehoy\/wp-json\/wp\/v2\/posts\/2781"}],"collection":[{"href":"https:\/\/blogs.hoy.es\/moterosdehoy\/wp-json\/wp\/v2\/posts"}],"about":[{"href":"https:\/\/blogs.hoy.es\/moterosdehoy\/wp-json\/wp\/v2\/types\/post"}],"author":[{"embeddable":true,"href":"https:\/\/blogs.hoy.es\/moterosdehoy\/wp-json\/wp\/v2\/users\/49"}],"replies":[{"embeddable":true,"href":"https:\/\/blogs.hoy.es\/moterosdehoy\/wp-json\/wp\/v2\/comments?post=2781"}],"version-history":[{"count":1,"href":"https:\/\/blogs.hoy.es\/moterosdehoy\/wp-json\/wp\/v2\/posts\/2781\/revisions"}],"predecessor-version":[{"id":2783,"href":"https:\/\/blogs.hoy.es\/moterosdehoy\/wp-json\/wp\/v2\/posts\/2781\/revisions\/2783"}],"wp:attachment":[{"href":"https:\/\/blogs.hoy.es\/moterosdehoy\/wp-json\/wp\/v2\/media?parent=2781"}],"wp:term":[{"taxonomy":"category","embeddable":true,"href":"https:\/\/blogs.hoy.es\/moterosdehoy\/wp-json\/wp\/v2\/categories?post=2781"},{"taxonomy":"post_tag","embeddable":true,"href":"https:\/\/blogs.hoy.es\/moterosdehoy\/wp-json\/wp\/v2\/tags?post=2781"}],"curies":[{"name":"wp","href":"https:\/\/api.w.org\/{rel}","templated":true}]}}