{"id":2794,"date":"2019-06-14T10:00:13","date_gmt":"2019-06-14T10:00:13","guid":{"rendered":"http:\/\/blogs.hoy.es\/moterosdehoy\/?p=2794"},"modified":"2021-08-30T16:33:47","modified_gmt":"2021-08-30T16:33:47","slug":"sexta-concentracion-de-motos-en-herrera-del-duque-por-motos-deliada-club","status":"publish","type":"post","link":"https:\/\/blogs.hoy.es\/moterosdehoy\/2019\/06\/14\/sexta-concentracion-de-motos-en-herrera-del-duque-por-motos-deliada-club\/","title":{"rendered":"Sexta concentraci\u00f3n de motos en Herrera del Duque, por Motos Deliada Club"},"content":{"rendered":"<h3>Estamos a d\u00eda 14 de junio, y hoy da comienzo la concentra de Herrera del Duque.<\/h3>\n<p><a href=\"https:\/\/static-blogs.hoy.es\/wp-content\/uploads\/sites\/45\/2019\/06\/2019-06-Herrera-del-Duque.jpg\"><img loading=\"lazy\" class=\"alignleft size-medium wp-image-2795\" src=\"https:\/\/static-blogs.hoy.es\/wp-content\/uploads\/sites\/45\/2019\/06\/2019-06-Herrera-del-Duque-212x300.jpg\" alt=\"2019-06-herrera-del-duque\" width=\"212\" height=\"300\" srcset=\"https:\/\/static-blogs.hoy.es\/wp-content\/uploads\/sites\/45\/2019\/06\/2019-06-Herrera-del-Duque-212x300.jpg 212w, https:\/\/static-blogs.hoy.es\/wp-content\/uploads\/sites\/45\/2019\/06\/2019-06-Herrera-del-Duque.jpg 679w\" sizes=\"(max-width: 212px) 100vw, 212px\" \/><\/a> Tenemos un fin de semana cargado de eventos moteros dentro de la provincia de Badajoz, pero tambi\u00e9n es la m\u00e1s extensa y distan muchos kil\u00f3metros de punta a punta.<\/p>\n<p><a href=\"https:\/\/www.facebook.com\/profile.php?id=100006415694771\" rel=\"external nofollow\">Motos Deliada Club<\/a>, de Herrera del Duque, nos ha organizado conjuntamente con su Ayuntamiento, la &#8220;5+1 Concentraci\u00f3n nacional de motos&#8221;<\/p>\n<p>Un fin de semana m\u00e1s que completo, dentro del programa tienen previsto ensalzar la comarca de La Siberia, su gastronom\u00eda, sus paisajes, sus rutas, su entorno&#8230; y como no acompa\u00f1ado de m\u00fasica, motos, rutas, buena gente, sorteos, regalos&#8230;<\/p>\n<p>Adem\u00e1s tendr\u00e1n un homenaje al amigo &#8220;Juan \u00c1ngel&#8221;.<\/p>\n<p>Dado que el programa es muy extenso y que lo tienen muy bien detallado en un triptico, directamente os lo expongo y en \u00e9l ten\u00e9is tanto toda la informaci\u00f3n, como contactos con los organizadores por el caso de tener alguna duda.<a href=\"https:\/\/static-blogs.hoy.es\/wp-content\/uploads\/sites\/45\/2019\/06\/2019-06-Herrera-del-Duque-.jpg\"><img loading=\"lazy\" class=\"alignright size-medium wp-image-2796\" src=\"https:\/\/static-blogs.hoy.es\/wp-content\/uploads\/sites\/45\/2019\/06\/2019-06-Herrera-del-Duque--300x232.jpg\" alt=\"2019-06-herrera-del-duque\" width=\"300\" height=\"232\" srcset=\"https:\/\/static-blogs.hoy.es\/wp-content\/uploads\/sites\/45\/2019\/06\/2019-06-Herrera-del-Duque--300x232.jpg 300w, https:\/\/static-blogs.hoy.es\/wp-content\/uploads\/sites\/45\/2019\/06\/2019-06-Herrera-del-Duque--768x594.jpg 768w, https:\/\/static-blogs.hoy.es\/wp-content\/uploads\/sites\/45\/2019\/06\/2019-06-Herrera-del-Duque-.jpg 960w\" sizes=\"(max-width: 300px) 100vw, 300px\" \/><\/a><\/p>\n<p>Hay que decir que \u00e9sta concentraci\u00f3n cada a\u00f1o se ve incrementada, y los que acuden a ella se van con ganas de volver, por algo ser\u00e1. Su buena gente, su buen rollo&#8230; Hay que ir y comprobarlo.<\/p>\n<p>Saludos y r\u00e1fagas.<\/p>\n<p>&nbsp;<\/p>\n<!-- AddThis Advanced Settings generic via filter on the_content --><!-- AddThis Share Buttons generic via filter on the_content -->","protected":false},"excerpt":{"rendered":"<p>Estamos a d\u00eda 14 de junio, y hoy da comienzo la concentra de Herrera del Duque. Tenemos un fin de semana cargado de eventos moteros dentro de la provincia de Badajoz, pero tambi\u00e9n es la m\u00e1s extensa y distan muchos kil\u00f3metros de punta a punta. Motos Deliada Club, de Herrera del Duque, nos ha organizado [&hellip;]<!-- AddThis Advanced Settings generic via filter on get_the_excerpt --><!-- AddThis Share Buttons generic via filter on get_the_excerpt --><\/p>\n","protected":false},"author":49,"featured_media":0,"comment_status":"open","ping_status":"closed","sticky":false,"template":"","format":"standard","meta":[],"categories":[13,1],"tags":[1335,382,1077,622,664,1334],"_links":{"self":[{"href":"https:\/\/blogs.hoy.es\/moterosdehoy\/wp-json\/wp\/v2\/posts\/2794"}],"collection":[{"href":"https:\/\/blogs.hoy.es\/moterosdehoy\/wp-json\/wp\/v2\/posts"}],"about":[{"href":"https:\/\/blogs.hoy.es\/moterosdehoy\/wp-json\/wp\/v2\/types\/post"}],"author":[{"embeddable":true,"href":"https:\/\/blogs.hoy.es\/moterosdehoy\/wp-json\/wp\/v2\/users\/49"}],"replies":[{"embeddable":true,"href":"https:\/\/blogs.hoy.es\/moterosdehoy\/wp-json\/wp\/v2\/comments?post=2794"}],"version-history":[{"count":1,"href":"https:\/\/blogs.hoy.es\/moterosdehoy\/wp-json\/wp\/v2\/posts\/2794\/revisions"}],"predecessor-version":[{"id":2797,"href":"https:\/\/blogs.hoy.es\/moterosdehoy\/wp-json\/wp\/v2\/posts\/2794\/revisions\/2797"}],"wp:attachment":[{"href":"https:\/\/blogs.hoy.es\/moterosdehoy\/wp-json\/wp\/v2\/media?parent=2794"}],"wp:term":[{"taxonomy":"category","embeddable":true,"href":"https:\/\/blogs.hoy.es\/moterosdehoy\/wp-json\/wp\/v2\/categories?post=2794"},{"taxonomy":"post_tag","embeddable":true,"href":"https:\/\/blogs.hoy.es\/moterosdehoy\/wp-json\/wp\/v2\/tags?post=2794"}],"curies":[{"name":"wp","href":"https:\/\/api.w.org\/{rel}","templated":true}]}}