{"id":28,"date":"2012-05-26T08:36:40","date_gmt":"2012-05-26T08:36:40","guid":{"rendered":"http:\/\/blogs.hoy.es\/moterosdehoy\/?p=28"},"modified":"2012-05-26T08:36:40","modified_gmt":"2012-05-26T08:36:40","slug":"iv-concentracion-motera-ciudad-de-merida","status":"publish","type":"post","link":"https:\/\/blogs.hoy.es\/moterosdehoy\/2012\/05\/26\/iv-concentracion-motera-ciudad-de-merida\/","title":{"rendered":"2012-05-26 IV Concentraci\u00f3n motera Ciudad de M\u00e9rida"},"content":{"rendered":"<p>Se nota que llega el buen tiempo y con \u00e9l las concentraciones moteras, es una pena que coincidan varias concentraciones en lugares pr\u00f3ximos, dado que los moteros se reparten en lugar de pasar un d\u00eda de uni\u00f3n.<\/p>\n<p><img loading=\"lazy\" class=\"size-medium wp-image-29 alignright\" title=\"cartel 2012 M\u00e9rida\" src=\"\/moterosdehoy\/wp-content\/uploads\/sites\/45\/2012\/05\/cartel-2012-M\u00e9rida.jpg\" alt=\"\" width=\"300\" height=\"212\" srcset=\"https:\/\/static-blogs.hoy.es\/wp-content\/uploads\/sites\/45\/2012\/05\/cartel-2012-M\u00e9rida.jpg 1600w, https:\/\/static-blogs.hoy.es\/wp-content\/uploads\/sites\/45\/2012\/05\/cartel-2012-M\u00e9rida-300x212.jpg 300w, https:\/\/static-blogs.hoy.es\/wp-content\/uploads\/sites\/45\/2012\/05\/cartel-2012-M\u00e9rida-768x543.jpg 768w, https:\/\/static-blogs.hoy.es\/wp-content\/uploads\/sites\/45\/2012\/05\/cartel-2012-M\u00e9rida-1024x724.jpg 1024w\" sizes=\"(max-width: 300px) 100vw, 300px\" \/><\/p>\n<p>Este fin de semana nos encontramos con tres concentraciones en la\u00a0provincia de Badajoz, concretamente en Badajoz (IX kedada nacional ducati), Fregenal de la Sierra con su ya m\u00e1s que conocida y nombrada concentraci\u00f3n Los Serranitos, en su XV edici\u00f3n, y en M\u00e9rida donde la pe\u00f1a motera Los Augustitos, celebra su ya IV concentraci\u00f3n motera.<\/p>\n<p>En \u00e9sta ocasi\u00f3n se re\u00fanen en el antiguo <strong>Mes\u00f3n El Labrador<\/strong>, en la carretera embalse Proserpina. Con su apertura de inscripciones el s\u00e1bado, con migas extreme\u00f1as para comer, ruta tur\u00edstica por M\u00e9rida con aperitivo, cena, ruta de antorchas, actuaciones musicales, animaciones y espect\u00e1culos. El domingo inicia con desayuno para recuperar fuerzas, ruta motera por la comarca con aperitivo, comida, y para finalizar, entrega de trofeos y premios.<\/p>\n<p>Los precios de la inscripci\u00f3n oscilan entre los 10 y los 15 euros, dependiendo si solo quieres formar parte el domingo o s\u00e1bado y domingo.<\/p>\n<p><strong>\u00a0 \u00a0Saludos y r\u00e1fagas.<\/strong><\/p>\n<!-- AddThis Advanced Settings generic via filter on the_content --><!-- AddThis Share Buttons generic via filter on the_content -->","protected":false},"excerpt":{"rendered":"<p>Se nota que llega el buen tiempo y con \u00e9l las concentraciones moteras, es una pena que coincidan varias concentraciones en lugares pr\u00f3ximos, dado que los moteros se reparten en lugar de pasar un d\u00eda de uni\u00f3n. Este fin de semana nos encontramos con tres concentraciones en la\u00a0provincia de Badajoz, concretamente en Badajoz (IX kedada [&hellip;]<!-- AddThis Advanced Settings generic via filter on get_the_excerpt --><!-- AddThis Share Buttons generic via filter on get_the_excerpt --><\/p>\n","protected":false},"author":49,"featured_media":0,"comment_status":"open","ping_status":"closed","sticky":false,"template":"","format":"standard","meta":[],"categories":[13],"tags":[214,238,622,624],"_links":{"self":[{"href":"https:\/\/blogs.hoy.es\/moterosdehoy\/wp-json\/wp\/v2\/posts\/28"}],"collection":[{"href":"https:\/\/blogs.hoy.es\/moterosdehoy\/wp-json\/wp\/v2\/posts"}],"about":[{"href":"https:\/\/blogs.hoy.es\/moterosdehoy\/wp-json\/wp\/v2\/types\/post"}],"author":[{"embeddable":true,"href":"https:\/\/blogs.hoy.es\/moterosdehoy\/wp-json\/wp\/v2\/users\/49"}],"replies":[{"embeddable":true,"href":"https:\/\/blogs.hoy.es\/moterosdehoy\/wp-json\/wp\/v2\/comments?post=28"}],"version-history":[{"count":0,"href":"https:\/\/blogs.hoy.es\/moterosdehoy\/wp-json\/wp\/v2\/posts\/28\/revisions"}],"wp:attachment":[{"href":"https:\/\/blogs.hoy.es\/moterosdehoy\/wp-json\/wp\/v2\/media?parent=28"}],"wp:term":[{"taxonomy":"category","embeddable":true,"href":"https:\/\/blogs.hoy.es\/moterosdehoy\/wp-json\/wp\/v2\/categories?post=28"},{"taxonomy":"post_tag","embeddable":true,"href":"https:\/\/blogs.hoy.es\/moterosdehoy\/wp-json\/wp\/v2\/tags?post=28"}],"curies":[{"name":"wp","href":"https:\/\/api.w.org\/{rel}","templated":true}]}}