{"id":2803,"date":"2019-06-18T21:41:29","date_gmt":"2019-06-18T21:41:29","guid":{"rendered":"http:\/\/blogs.hoy.es\/moterosdehoy\/?p=2803"},"modified":"2021-08-30T16:33:17","modified_gmt":"2021-08-30T16:33:17","slug":"ii-concentracion-solidaria-motera-en-alia","status":"publish","type":"post","link":"https:\/\/blogs.hoy.es\/moterosdehoy\/2019\/06\/18\/ii-concentracion-solidaria-motera-en-alia\/","title":{"rendered":"II Concentraci\u00f3n solidaria motera en Alia"},"content":{"rendered":"<p><a href=\"https:\/\/es.wikipedia.org\/wiki\/Al%C3%ADa\" rel=\"external nofollow\">Alia<\/a>, es una peque\u00f1a poblaci\u00f3n de la comarca de Las Villuercas, en C\u00e1ceres. Con poco m\u00e1s de 800 habitantes censados y situada entre C\u00e1ceres, Badajoz, Toledo y Ciudad Real. En concreto a 194 km de Badajoz, y 133 km de C\u00e1ceres.<\/p>\n<p><a href=\"https:\/\/static-blogs.hoy.es\/wp-content\/uploads\/sites\/45\/2019\/06\/2019-06-Alia-.jpg\"><img loading=\"lazy\" class=\"alignleft size-medium wp-image-2804\" src=\"https:\/\/static-blogs.hoy.es\/wp-content\/uploads\/sites\/45\/2019\/06\/2019-06-Alia--300x225.jpg\" alt=\"2019-06-alia\" width=\"300\" height=\"225\" srcset=\"https:\/\/static-blogs.hoy.es\/wp-content\/uploads\/sites\/45\/2019\/06\/2019-06-Alia--300x225.jpg 300w, https:\/\/static-blogs.hoy.es\/wp-content\/uploads\/sites\/45\/2019\/06\/2019-06-Alia--768x576.jpg 768w, https:\/\/static-blogs.hoy.es\/wp-content\/uploads\/sites\/45\/2019\/06\/2019-06-Alia-.jpg 960w\" sizes=\"(max-width: 300px) 100vw, 300px\" \/><\/a>Los d\u00edas 22 y 23 de junio, el Ayuntamiento de Alia y en colaboraci\u00f3n el grupo &#8220;La Hermandad Motera&#8221;, nos han organizado dos d\u00edas de fiesta. Con rutas, m\u00fasica, sorteos, juegos, regalos y diversi\u00f3n, mucha diversi\u00f3n.<\/p>\n<p>El punto de encuentro\u00a0ser\u00e1 el campo de f\u00fatbol\u00a0de Alia. Recuerda que se trata de un evento con trasfondo solidario, por lo que no olvides aportar alg\u00fan alimento no perecedero.<\/p>\n<p>Si te gustan las curvas no te la puedes perder. El trayecto entre Guadalupe y Alia es todo un espect\u00e1culo, curvas sobre m\u00e1s curvas y unos paisajes impresionantes.<\/p>\n<p><a href=\"http:\/\/www.moterosdehoy.es\/2019\/05\/29\/concentraciones-y-kdds-junio-2019\/\" rel=\"external nofollow\">Otros eventos moteros de junio<\/a>.<\/p>\n<p>Saludos y r\u00e1fagas.<\/p>\n<!-- AddThis Advanced Settings generic via filter on the_content --><!-- AddThis Share Buttons generic via filter on the_content -->","protected":false},"excerpt":{"rendered":"<p>Alia, es una peque\u00f1a poblaci\u00f3n de la comarca de Las Villuercas, en C\u00e1ceres. Con poco m\u00e1s de 800 habitantes censados y situada entre C\u00e1ceres, Badajoz, Toledo y Ciudad Real. En concreto a 194 km de Badajoz, y 133 km de C\u00e1ceres. Los d\u00edas 22 y 23 de junio, el Ayuntamiento de Alia y en colaboraci\u00f3n [&hellip;]<!-- AddThis Advanced Settings generic via filter on get_the_excerpt --><!-- AddThis Share Buttons generic via filter on get_the_excerpt --><\/p>\n","protected":false},"author":49,"featured_media":0,"comment_status":"open","ping_status":"closed","sticky":false,"template":"","format":"standard","meta":[],"categories":[13,1],"tags":[1337,1338,382,622,664],"_links":{"self":[{"href":"https:\/\/blogs.hoy.es\/moterosdehoy\/wp-json\/wp\/v2\/posts\/2803"}],"collection":[{"href":"https:\/\/blogs.hoy.es\/moterosdehoy\/wp-json\/wp\/v2\/posts"}],"about":[{"href":"https:\/\/blogs.hoy.es\/moterosdehoy\/wp-json\/wp\/v2\/types\/post"}],"author":[{"embeddable":true,"href":"https:\/\/blogs.hoy.es\/moterosdehoy\/wp-json\/wp\/v2\/users\/49"}],"replies":[{"embeddable":true,"href":"https:\/\/blogs.hoy.es\/moterosdehoy\/wp-json\/wp\/v2\/comments?post=2803"}],"version-history":[{"count":1,"href":"https:\/\/blogs.hoy.es\/moterosdehoy\/wp-json\/wp\/v2\/posts\/2803\/revisions"}],"predecessor-version":[{"id":2805,"href":"https:\/\/blogs.hoy.es\/moterosdehoy\/wp-json\/wp\/v2\/posts\/2803\/revisions\/2805"}],"wp:attachment":[{"href":"https:\/\/blogs.hoy.es\/moterosdehoy\/wp-json\/wp\/v2\/media?parent=2803"}],"wp:term":[{"taxonomy":"category","embeddable":true,"href":"https:\/\/blogs.hoy.es\/moterosdehoy\/wp-json\/wp\/v2\/categories?post=2803"},{"taxonomy":"post_tag","embeddable":true,"href":"https:\/\/blogs.hoy.es\/moterosdehoy\/wp-json\/wp\/v2\/tags?post=2803"}],"curies":[{"name":"wp","href":"https:\/\/api.w.org\/{rel}","templated":true}]}}