{"id":2806,"date":"2019-06-18T22:03:26","date_gmt":"2019-06-18T22:03:26","guid":{"rendered":"http:\/\/blogs.hoy.es\/moterosdehoy\/?p=2806"},"modified":"2021-08-30T16:33:08","modified_gmt":"2021-08-30T16:33:08","slug":"iii-quedada-motera-en-esparragalejo","status":"publish","type":"post","link":"https:\/\/blogs.hoy.es\/moterosdehoy\/2019\/06\/18\/iii-quedada-motera-en-esparragalejo\/","title":{"rendered":"III Quedada motera en Esparragalejo"},"content":{"rendered":"<p><a href=\"https:\/\/es.wikipedia.org\/wiki\/Esparragalejo\" rel=\"external nofollow\">Esparragalejo<\/a> es una poblaci\u00f3n de la provincia de Badajoz, situada a unos 12 kil\u00f3metros de M\u00e9rida y 56 de Badajoz, con algo menos de mil quinientos habitantes. Donde para \u00e9ste fin de semana su Ayuntamiento, en conjunto con la pe\u00f1a motera &#8220;Al cuarto de vuelta&#8221;, nos han preparado un gran d\u00eda de fiesta motera.<\/p>\n<p><a href=\"https:\/\/static-blogs.hoy.es\/wp-content\/uploads\/sites\/45\/2019\/06\/2019-06-Esparragalejo.jpg\"><img loading=\"lazy\" class=\"alignleft size-medium wp-image-2807\" src=\"https:\/\/static-blogs.hoy.es\/wp-content\/uploads\/sites\/45\/2019\/06\/2019-06-Esparragalejo-300x214.jpg\" alt=\"2019-06-esparragalejo\" width=\"300\" height=\"214\" srcset=\"https:\/\/static-blogs.hoy.es\/wp-content\/uploads\/sites\/45\/2019\/06\/2019-06-Esparragalejo-300x214.jpg 300w, https:\/\/static-blogs.hoy.es\/wp-content\/uploads\/sites\/45\/2019\/06\/2019-06-Esparragalejo-768x548.jpg 768w, https:\/\/static-blogs.hoy.es\/wp-content\/uploads\/sites\/45\/2019\/06\/2019-06-Esparragalejo.jpg 960w\" sizes=\"(max-width: 300px) 100vw, 300px\" \/><\/a>Ser\u00e1 el\u00a0domingo 23 de junio, con punto de encuentro en Plaza de la Libertad, de Esparragalejo, a las 09:30h.<\/p>\n<p>Habr\u00e1 paella para todos los asistentes moteros, tras una ruta por la comarca.<\/p>\n<p>Vamos a por \u00e9sta tercera edici\u00f3n, que de seguro seguir\u00e1 tomando fuerza a\u00f1o tras a\u00f1o.<\/p>\n<p><a href=\"http:\/\/www.moterosdehoy.es\/2019\/05\/29\/concentraciones-y-kdds-junio-2019\/\" rel=\"external nofollow\">Otros eventos moteros de junio<\/a>.<\/p>\n<p>Saludos y r\u00e1fagas.<\/p>\n<!-- AddThis Advanced Settings generic via filter on the_content --><!-- AddThis Share Buttons generic via filter on the_content -->","protected":false},"excerpt":{"rendered":"<p>Esparragalejo es una poblaci\u00f3n de la provincia de Badajoz, situada a unos 12 kil\u00f3metros de M\u00e9rida y 56 de Badajoz, con algo menos de mil quinientos habitantes. Donde para \u00e9ste fin de semana su Ayuntamiento, en conjunto con la pe\u00f1a motera &#8220;Al cuarto de vuelta&#8221;, nos han preparado un gran d\u00eda de fiesta motera. Ser\u00e1 [&hellip;]<!-- AddThis Advanced Settings generic via filter on get_the_excerpt --><!-- AddThis Share Buttons generic via filter on get_the_excerpt --><\/p>\n","protected":false},"author":49,"featured_media":0,"comment_status":"open","ping_status":"closed","sticky":false,"template":"","format":"standard","meta":[],"categories":[13,1],"tags":[1079,618,622,664,816],"_links":{"self":[{"href":"https:\/\/blogs.hoy.es\/moterosdehoy\/wp-json\/wp\/v2\/posts\/2806"}],"collection":[{"href":"https:\/\/blogs.hoy.es\/moterosdehoy\/wp-json\/wp\/v2\/posts"}],"about":[{"href":"https:\/\/blogs.hoy.es\/moterosdehoy\/wp-json\/wp\/v2\/types\/post"}],"author":[{"embeddable":true,"href":"https:\/\/blogs.hoy.es\/moterosdehoy\/wp-json\/wp\/v2\/users\/49"}],"replies":[{"embeddable":true,"href":"https:\/\/blogs.hoy.es\/moterosdehoy\/wp-json\/wp\/v2\/comments?post=2806"}],"version-history":[{"count":1,"href":"https:\/\/blogs.hoy.es\/moterosdehoy\/wp-json\/wp\/v2\/posts\/2806\/revisions"}],"predecessor-version":[{"id":2808,"href":"https:\/\/blogs.hoy.es\/moterosdehoy\/wp-json\/wp\/v2\/posts\/2806\/revisions\/2808"}],"wp:attachment":[{"href":"https:\/\/blogs.hoy.es\/moterosdehoy\/wp-json\/wp\/v2\/media?parent=2806"}],"wp:term":[{"taxonomy":"category","embeddable":true,"href":"https:\/\/blogs.hoy.es\/moterosdehoy\/wp-json\/wp\/v2\/categories?post=2806"},{"taxonomy":"post_tag","embeddable":true,"href":"https:\/\/blogs.hoy.es\/moterosdehoy\/wp-json\/wp\/v2\/tags?post=2806"}],"curies":[{"name":"wp","href":"https:\/\/api.w.org\/{rel}","templated":true}]}}