{"id":2812,"date":"2019-06-29T20:30:08","date_gmt":"2019-06-29T20:30:08","guid":{"rendered":"http:\/\/blogs.hoy.es\/moterosdehoy\/?p=2812"},"modified":"2021-08-30T16:32:50","modified_gmt":"2021-08-30T16:32:50","slug":"despedida-motera-en-badajoz","status":"publish","type":"post","link":"https:\/\/blogs.hoy.es\/moterosdehoy\/2019\/06\/29\/despedida-motera-en-badajoz\/","title":{"rendered":"Despedida motera en Badajoz"},"content":{"rendered":"<p>\u00daltimamente llevamos una mala racha los moteros hablando de carretera y accidentes. Hoy 29 de junio no es el caso, pero un buen amigo motero se nos ha ido.<\/p>\n<p><a href=\"https:\/\/static-blogs.hoy.es\/wp-content\/uploads\/sites\/45\/2019\/06\/Rarri-DEP.jpg\"><img loading=\"lazy\" class=\"alignleft size-medium wp-image-2813\" src=\"https:\/\/static-blogs.hoy.es\/wp-content\/uploads\/sites\/45\/2019\/06\/Rarri-DEP-205x300.jpg\" alt=\"rarri-dep\" width=\"205\" height=\"300\" srcset=\"https:\/\/static-blogs.hoy.es\/wp-content\/uploads\/sites\/45\/2019\/06\/Rarri-DEP-205x300.jpg 205w, https:\/\/static-blogs.hoy.es\/wp-content\/uploads\/sites\/45\/2019\/06\/Rarri-DEP.jpg 609w\" sizes=\"(max-width: 205px) 100vw, 205px\" \/><\/a>Ram\u00f3n Menacho Perera, de Badajoz, mi amigo &#8220;Rarri&#8221; profesor, o maestro, como dec\u00edamos cuando yo iba a la escuela. Pero tambi\u00e9n amigo, padre, esposo, hijo&#8230; para algunos se nos ha ido un amigo, para otros se ha ido su vida.<\/p>\n<p>\u00bfQue puedo decir?<\/p>\n<p>La vida es injusta, hoy puedo disfrutar de la compa\u00f1\u00eda de una persona y ma\u00f1ana no. \u00bfPor qu\u00e9? No lo s\u00e9, pero mi amigo Ram\u00f3n no est\u00e1.<\/p>\n<p>Ayer me enter\u00e9 que estaba muy malo, hoy que lo he perdido. Ma\u00f1ana acompa\u00f1ar\u00e9 su cuerpo en su ultima ruta, y estoy seguro que \u00e9l desde donde est\u00e9 nos acompa\u00f1ar\u00e1.<\/p>\n<p>Ram\u00f3n era una gran persona, y por supuesto no lo olvidar\u00e9. Cuando vaya por donde sol\u00eda encontrarlo estar\u00e9 pensando que lo encontrar\u00e9. Igual no lo veo, pero estoy seguro que el seguir\u00e1 por all\u00ed, y querr\u00e1 vernos felices. Como siempre. Con risas, fiestas y pas\u00e1ndonoslo bien.<\/p>\n<p>Ma\u00f1ana, d\u00eda 30 de junio lo acompa\u00f1aremos en su \u00faltima ruta. Una ruta que no nos gusta, pero s\u00ed nos gustar\u00e1 estar junto a \u00e9l.<\/p>\n<p><strong>A las doce horas del medio d\u00eda, nos juntaremos en el tanatorio Puente Real de Badajoz<\/strong>. Para a las 12:30 despedirnos de \u00e9l, y\u00a0posteriormente acompa\u00f1arlo hasta el cementerio nuevo, donde ser\u00e1 incinerado su cuerpo.<\/p>\n<p>Ram\u00f3n, cuando escuche una tormenta te recordar\u00e9. Pensar\u00e9 que est\u00e1s haciendo una ruta con la moto por el cielo.<\/p>\n<p>Un fuerte abrazo amigo, y mi m\u00e1s profundo p\u00e9same a tu familia y los que te quieren. Entre ellos yo.<\/p>\n<p>Saludos y r\u00e1fagas.<\/p>\n<p>&nbsp;<\/p>\n<!-- AddThis Advanced Settings generic via filter on the_content --><!-- AddThis Share Buttons generic via filter on the_content -->","protected":false},"excerpt":{"rendered":"<p>\u00daltimamente llevamos una mala racha los moteros hablando de carretera y accidentes. Hoy 29 de junio no es el caso, pero un buen amigo motero se nos ha ido. Ram\u00f3n Menacho Perera, de Badajoz, mi amigo &#8220;Rarri&#8221; profesor, o maestro, como dec\u00edamos cuando yo iba a la escuela. Pero tambi\u00e9n amigo, padre, esposo, hijo&#8230; para [&hellip;]<!-- AddThis Advanced Settings generic via filter on get_the_excerpt --><!-- AddThis Share Buttons generic via filter on get_the_excerpt --><\/p>\n","protected":false},"author":49,"featured_media":0,"comment_status":"open","ping_status":"closed","sticky":false,"template":"","format":"standard","meta":[],"categories":[13,1],"tags":[1341,622,1340],"_links":{"self":[{"href":"https:\/\/blogs.hoy.es\/moterosdehoy\/wp-json\/wp\/v2\/posts\/2812"}],"collection":[{"href":"https:\/\/blogs.hoy.es\/moterosdehoy\/wp-json\/wp\/v2\/posts"}],"about":[{"href":"https:\/\/blogs.hoy.es\/moterosdehoy\/wp-json\/wp\/v2\/types\/post"}],"author":[{"embeddable":true,"href":"https:\/\/blogs.hoy.es\/moterosdehoy\/wp-json\/wp\/v2\/users\/49"}],"replies":[{"embeddable":true,"href":"https:\/\/blogs.hoy.es\/moterosdehoy\/wp-json\/wp\/v2\/comments?post=2812"}],"version-history":[{"count":3,"href":"https:\/\/blogs.hoy.es\/moterosdehoy\/wp-json\/wp\/v2\/posts\/2812\/revisions"}],"predecessor-version":[{"id":2816,"href":"https:\/\/blogs.hoy.es\/moterosdehoy\/wp-json\/wp\/v2\/posts\/2812\/revisions\/2816"}],"wp:attachment":[{"href":"https:\/\/blogs.hoy.es\/moterosdehoy\/wp-json\/wp\/v2\/media?parent=2812"}],"wp:term":[{"taxonomy":"category","embeddable":true,"href":"https:\/\/blogs.hoy.es\/moterosdehoy\/wp-json\/wp\/v2\/categories?post=2812"},{"taxonomy":"post_tag","embeddable":true,"href":"https:\/\/blogs.hoy.es\/moterosdehoy\/wp-json\/wp\/v2\/tags?post=2812"}],"curies":[{"name":"wp","href":"https:\/\/api.w.org\/{rel}","templated":true}]}}